{"id":4860,"date":"2025-12-08T13:51:23","date_gmt":"2025-12-08T18:51:23","guid":{"rendered":"https:\/\/milesopedia.us\/actualites\/air-canada-couvrira-les-frais-dhotel-et-de-repas-des-passagers-touches-par-la-greve\/"},"modified":"2025-12-22T08:05:37","modified_gmt":"2025-12-22T13:05:37","slug":"air-canada-strike-compensation","status":"publish","type":"post","link":"https:\/\/milesopedia.us\/fr\/actus\/air-canada-strike-compensation\/","title":{"rendered":"Air Canada couvrira les frais d&rsquo;h\u00f4tel et de repas des passagers touch\u00e9s par la gr\u00e8ve"},"content":{"rendered":"\n<p>Air Canada a annonc\u00e9 qu&rsquo;elle remboursera les frais d&rsquo;h\u00e9bergement, de repas et de transport pour les voyageurs touch\u00e9s par la r\u00e9cente gr\u00e8ve des agents de bord. Cette nouvelle politique de bonne volont\u00e9 intervient alors que le transporteur canadien s&rsquo;efforce de revenir \u00e0 un service normal apr\u00e8s une perturbation qui a touch\u00e9 des centaines de milliers de passagers. <\/p>\n<h2 class=\"wp-block-heading\" id=\"la_gr_ve_et_son_impact\">La gr&egrave;ve et son impact<\/h2>\n\n<p>Les agents de bord d&rsquo;Air Canada ont commenc\u00e9 leur gr\u00e8ve le samedi 16 ao\u00fbt 2025, dans le cadre d&rsquo;un conflit salarial. Cette action syndicale, qui a dur\u00e9 pr\u00e8s de quatre jours, a entra\u00een\u00e9 l&rsquo;annulation de centaines de vols et perturb\u00e9 les plans de voyage de dizaines de milliers de passagers. Le conflit s&rsquo;est termin\u00e9 le mardi 19 ao\u00fbt, lorsque la compagnie a\u00e9rienne et le syndicat repr\u00e9sentant plus de 9&nbsp;000 agents de bord sont parvenus \u00e0 un accord provisoire gr\u00e2ce \u00e0 des n\u00e9gociations men\u00e9es sous la m\u00e9diation du gouvernement.  <\/p>\n\n<p>Pendant la p\u00e9riode de gr\u00e8ve, Air Canada a \u00e9t\u00e9 contrainte de fonctionner \u00e0 capacit\u00e9 consid\u00e9rablement r\u00e9duite, les rapports indiquant que la compagnie a\u00e9rienne a annul\u00e9 environ 75&nbsp;% de ses vols, affectant environ 400&nbsp;000 passagers au total. La compagnie a\u00e9rienne s&rsquo;efforce maintenant de r\u00e9tablir son programme complet, les op\u00e9rations devant se normaliser d&rsquo;ici le vendredi 22 ao\u00fbt. <\/p>\n<figure class=\"component component__image has-text-align-center wp-block-image size-large wp-block-milesgutenberg-image\">\n\t\t\t\t<img decoding=\"async\" class=\"miles_img img-large\" src=\"https:\/\/milesopedia.us\/wp-content\/uploads\/2025\/08\/air-canada_boeing787-14-1024x682.jpg\" alt=\"air canada_boeing787-14\" loading=\"lazy\" width=\"1012\" height=\"674\">\n\t\t\t<\/figure>\n<h2 class=\"wp-block-heading\" id=\"politique_de_bonne_volont_am_lior_e\">Politique de bonne volont&eacute; am&eacute;lior&eacute;e<\/h2>\n\n<p>Dans une am\u00e9lioration significative de sa r\u00e9ponse initiale, Air Canada a mis \u00e0 jour sa <a href=\"https:\/\/www.aircanada.com\/ca\/en\/aco\/home\/book\/travel-news-and-updates\/2025\/ac-action.html#\/\" target=\"_blank\">politique de bonne volont\u00e9<\/a> afin de couvrir les frais d\u2019h\u00e9bergement suppl\u00e9mentaires raisonnables et les d\u00e9penses directes engag\u00e9es par les clients en raison du conflit de travail. La politique s\u2019applique aux passagers dont le voyage initial \u00e9tait pr\u00e9vu entre le 15 et le 23 ao\u00fbt 2025.<\/p>\n<aside class=\"component component__quote wp-block-milesgutenberg-quote\">\n\t<div class=\"component__quote__icon\">\n\t\t<i class=\"fa-solid fa-quote-left\"><\/i>\n\t<\/div>\n\t<div class=\"component__quote__content\">\n\t\t<div class=\"component__quote__content__inner\">\n\t\t\t\n\n<p>Nous pr\u00e9sentons nos sinc\u00e8res excuses \u00e0 tous les clients dont les plans de voyage ont \u00e9t\u00e9 perturb\u00e9s, et nous nous engageons \u00e0 rectifier la situation pour tous les clients \u2014 particuli\u00e8rement ceux qui se sont retrouv\u00e9s bloqu\u00e9s pendant leur voyage.<\/p>\n\n\t\t<\/div>\n\t\t\t\t\t<cite>\n\t\t\t\t\u2013\u00a0<strong>Mark Nasr<\/strong>, vice-pr\u00e9sident ex\u00e9cutif et chef de l\u2019exploitation d\u2019Air Canada\t\t\t<\/cite>\n\t\t\t<\/div>\n<\/aside>\n\n<p>La politique mise \u00e0 jour s&rsquo;appuie sur une politique de r\u00e9servation flexible mise en place plus t\u00f4t dans la semaine qui couvrait les frais de transport. Dans le cadre de la politique \u00e9largie, Air Canada remboursera d\u00e9sormais&nbsp;: <\/p>\n\n<div class=\"component component__list checkmarks\"><ul class=\"wp-block-list is-style-checkmarks\">\n<li>L&rsquo;h\u00e9bergement \u00e0 l&rsquo;h\u00f4tel<\/li>\n\n\n\n<li>Les repas<\/li>\n\n\n\n<li>Le transport terrestre<\/li>\n\n\n\n<li>Les vols sur d&rsquo;autres compagnies a\u00e9riennes (lorsqu&rsquo;Air Canada ne pouvait pas proposer de r\u00e9servation raisonnable)<\/li>\n\n\n\n<li>Autres d\u00e9penses raisonnables encourues en raison de la perturbation<\/li>\n<\/ul><\/div>\n\n<p>Air Canada pr\u00e9cise que les demandes doivent \u00eatre accompagn\u00e9es de re\u00e7us et soumises via le portail des relations clients de la compagnie a\u00e9rienne. En raison du volume anticip\u00e9 de r\u00e9clamations, le d\u00e9lai de traitement pourrait prendre de quatre \u00e0 six semaines. <\/p>\n<aside class=\"component component__deferred_contents wp-block-milesgutenberg-deferred-contents\">\n\t\t\t\t<div\n\t\t\t\tdata-template='m-h'\n\t\t\t\tdata-post_type='card'\n\t\t\t\tdata-per_page='4'\n\t\t\t\tclass='deferred_container--preload container_card container_template--m-h container_count--1'\n\n\t\t\t\t\t\t\t\t\tdata-tag=\"card_id\"\n\t\t\t\t\t\t\tdata-post_ids=\"8378\"\n\t\t\t\t\t\t\tdata-utm=\"wpb\"\n\t\t\t\t\t\t\t>\n\t\t<div class=\"card\">\n\t<div class=\"card--grid\">\n\n\t\t<div class=\"card--img-outer\">\n\t\t\t<div class=\"card--img\">\n\t\t\t\t<div class=\"shimmer shimmer-card\"><\/div>\n\t\t\t<\/div>\n\t\t<\/div>\n\n\t\t<div class=\"card--title-offer-selling\">\n\t\t\t<div class=\"card--title-offer\">\n\t\t\t\t<div class=\"shimmer shimmer-bar\"><\/div>\n\t\t\t\t<div class=\"shimmer shimmer-bar\"><\/div>\n\t\t\t<\/div>\n\t\t\t<div class=\"card--selling-points\">\n\t\t\t\t<div class=\"shimmer shimmer-bar shimmer-bar--short\"><\/div>\n\t\t\t\t<div class=\"shimmer shimmer-bar shimmer-bar--short\"><\/div>\n\t\t\t\t<div class=\"shimmer shimmer-bar shimmer-bar--short\"><\/div>\n\t\t\t<\/div>\n\t\t<\/div>\n\n\t\t<div class=\"card--apply\">\n\t\t\t<div class=\"apply-btn\">\n\t\t\t\t<div class=\"shimmer shimmer-btn\"><\/div>\n\t\t\t<\/div>\n\t\t<\/div>\n\n\t<\/div>\n<\/div>\t\t<\/div>\n\n\t\t<\/aside>\n<h2 class=\"wp-block-heading\" id=\"calendrier_de_reprise_et_op_rations_actuelles\">Calendrier de reprise et op&eacute;rations actuelles<\/h2>\n\n<p>Air Canada a acc\u00e9l\u00e9r\u00e9 ses efforts de reprise apr\u00e8s la r\u00e9solution de la gr\u00e8ve. En date de jeudi soir (21 ao\u00fbt), la compagnie a\u00e9rienne a rapport\u00e9 que 98&nbsp;% des vols int\u00e9rieurs \u00e9taient op\u00e9rationnels, ainsi que 99&nbsp;% des vols vers et depuis les \u00c9tats-Unis et 96&nbsp;% des routes internationales. <\/p>\n\n<p>La compagnie s&rsquo;attend \u00e0 \u00ab&nbsp;fonctionner tr\u00e8s pr\u00e8s de notre horaire normal&nbsp;\u00bb d&rsquo;ici vendredi 22 ao\u00fbt, devan\u00e7ant son estimation initiale de reprise de 7 \u00e0 10 jours. Air Canada a partag\u00e9 les statistiques op\u00e9rationnelles suivantes&nbsp;: <\/p>\n\n<div class=\"component component__list checkmarks\"><ul class=\"wp-block-list is-style-checkmarks\">\n<li>Pr\u00e8s de 132&nbsp;000 passagers devraient voyager dans les prochaines 24 heures<\/li>\n\n\n\n<li>Plus de 144&nbsp;000 clients ont \u00e9t\u00e9 r\u00e9serv\u00e9s sur des vols alternatifs<\/li>\n\n\n\n<li>Plus de 120&nbsp;400 appels trait\u00e9s par le centre de contact<\/li>\n\n\n\n<li>La flotte compl\u00e8te d&rsquo;avions de la compagnie a\u00e9rienne est de retour en service<\/li>\n<\/ul><\/div>\n<figure class=\"component component__image has-text-align-center wp-block-milesgutenberg-image\">\n\t\t\t\t<img decoding=\"async\" class=\"miles_img img-large\" src=\"https:\/\/milesopedia.us\/wp-content\/uploads\/2025\/08\/air-canada-cabin-11-1024x682.jpg\" alt=\"air canada cabin \u2013 11\" loading=\"lazy\" width=\"1012\" height=\"674\">\n\t\t\t<\/figure>\n<h2 class=\"wp-block-heading\" id=\"comment_soumettre_des_demandes_de_remboursement\">Comment soumettre des demandes de remboursement<\/h2>\n\n<p>Les passagers touch\u00e9s peuvent soumettre leurs demandes via le portail des relations clients d&rsquo;Air Canada. La compagnie a\u00e9rienne a d\u00e9fini des crit\u00e8res sp\u00e9cifiques pour le remboursement&nbsp;: <\/p>\n\n<div class=\"component component__list\"><ol class=\"wp-block-list\">\n<li>Les clients doivent avoir subi des annulations ou des retards importants entre le 15 et le 23 ao\u00fbt 2025<\/li>\n\n\n\n<li>Les d\u00e9penses doivent \u00eatre raisonnables et directement li\u00e9es \u00e0 la perturbation<\/li>\n\n\n\n<li>Toutes les demandes doivent \u00eatre accompagn\u00e9es de re\u00e7us<\/li>\n\n\n\n<li>Les demandes doivent concerner le groupe de voyageurs touch\u00e9 par la perturbation<\/li>\n<\/ol><\/div>\n\n<p>Des informations suppl\u00e9mentaires sur les politiques exceptionnelles concernant les d\u00e9penses et le transport sont disponibles sur <a href=\"http:\/\/www.aircanada.com\/action\" target=\"_blank\" rel=\"noreferrer noopener\">www.aircanada.com\/action<\/a>.<\/p>\n<h2 class=\"wp-block-heading\" id=\"politique_de_r_servation_flexible\">Politique de r&eacute;servation flexible<\/h2>\n\n<p>En plus du remboursement des d\u00e9penses, la politique de r\u00e9servation flexible d&rsquo;Air Canada couvre les frais de transport pour les passagers qui ont pris leurs propres dispositions alternatives. Cela s&rsquo;applique aux&nbsp;: <\/p>\n\n<div class=\"component component__list checkmarks\"><ul class=\"wp-block-list is-style-checkmarks\">\n<li>Passagers qui ont re\u00e7u un courriel indiquant qu&rsquo;Air Canada ne pouvait pas les r\u00e9server \u00e0 nouveau<\/li>\n\n\n\n<li>Ceux qui se sont vu proposer des options de vol alternatives partant plus de 5 jours apr\u00e8s leur d\u00e9part initial<\/li>\n\n\n\n<li>Clients qui ont achet\u00e9 des vols sur des transporteurs alternatifs dans la m\u00eame classe de cabine ou une classe inf\u00e9rieure<\/li>\n\n\n\n<li>Ceux qui ont utilis\u00e9 des moyens de transport alternatifs (bus, ferry, voiture, etc.) entre leur origine et leur destination initiales<\/li>\n<\/ul><\/div>\n\n<p>La compagnie a\u00e9rienne pr\u00e9cise que les clients doivent avoir r\u00e9serv\u00e9 \u00ab&nbsp;l&rsquo;option ou les options les plus raisonnables et \u00e9conomiques&nbsp;\u00bb pour leur voyage alternatif, en s&rsquo;assurant d&rsquo;atteindre leur destination le plus rapidement possible.<\/p>\n<h2 class=\"wp-block-heading\" id=\"_tat_de_laccord_syndical\">&Eacute;tat de l&rsquo;accord syndical<\/h2>\n\n<p>Bien que les op\u00e9rations reviennent \u00e0 la normale, le conflit de travail n&rsquo;est pas encore totalement r\u00e9solu. Les membres du syndicat commenceront \u00e0 voter sur l&rsquo;accord propos\u00e9 la semaine prochaine, le vote devant se terminer d&rsquo;ici le 6 septembre 2025. Les d\u00e9tails de l&rsquo;accord provisoire n&rsquo;ont pas \u00e9t\u00e9 divulgu\u00e9s publiquement. N\u00e9anmoins, les analystes de l&rsquo;industrie sugg\u00e8rent qu&rsquo;il aborde probablement les questions cl\u00e9s de la r\u00e9mun\u00e9ration, des heures de travail et des niveaux de personnel qui ont conduit \u00e0 la gr\u00e8ve.   <\/p>\n\n<p>Le Syndicat canadien de la fonction publique (SCFP), qui repr\u00e9sente plus de 9&nbsp;000 agents de bord d&rsquo;Air Canada, a recommand\u00e9 aux membres d&rsquo;accepter l&rsquo;accord, le d\u00e9crivant comme \u00ab&nbsp;le meilleur accord possible dans les circonstances&nbsp;\u00bb.<\/p>\n<h2 class=\"wp-block-heading\" id=\"analyse_au-del_des_exigences_minimales\">Analyse&nbsp;: au-del&agrave; des exigences minimales<\/h2>\n\n<p>La politique de bonne volont\u00e9 \u00e9largie d&rsquo;Air Canada va au-del\u00e0 de ce que les compagnies a\u00e9riennes offrent g\u00e9n\u00e9ralement lors de perturbations li\u00e9es au travail, qui sont souvent class\u00e9es comme des \u00ab&nbsp;circonstances extraordinaires&nbsp;\u00bb limitant la responsabilit\u00e9 du transporteur. La compagnie a\u00e9rienne d\u00e9clare explicitement que cette politique sp\u00e9ciale est \u00ab&nbsp;au-del\u00e0 des obligations l\u00e9gales&nbsp;\u00bb, sugg\u00e9rant une d\u00e9cision strat\u00e9gique de privil\u00e9gier les relations avec la client\u00e8le et la r\u00e9putation de la marque plut\u00f4t que les consid\u00e9rations financi\u00e8res \u00e0 court terme. <\/p>\n\n<p>Cette approche reconna\u00eet la perturbation importante subie par les voyageurs pendant la haute saison estivale et tente de reconstruire la confiance avec les passagers touch\u00e9s. Cependant, l&rsquo;impact financier sur Air Canada pourrait \u00eatre substantiel, les analystes de l&rsquo;industrie estimant que la gr\u00e8ve et la compensation subs\u00e9quente pourraient co\u00fbter \u00e0 la compagnie a\u00e9rienne entre 150 et 200 millions de dollars en d\u00e9penses directes et en perte de revenus. <\/p>\n\n<p>Pour les voyageurs touch\u00e9s, cette politique repr\u00e9sente une am\u00e9lioration significative par rapport \u00e0 la r\u00e9ponse initiale. Cependant, le d\u00e9lai de traitement prolong\u00e9 des demandes (jusqu&rsquo;\u00e0 six semaines) pourrait cr\u00e9er de la frustration pour ceux qui attendent des remboursements importants. <\/p>\n<figure class=\"component component__image has-text-align-center wp-block-milesgutenberg-image\">\n\t\t\t\t<img decoding=\"async\" class=\"miles_img img-large\" src=\"https:\/\/milesopedia.us\/wp-content\/uploads\/2025\/08\/air-canada_boeing787-16-1024x682.jpg\" alt=\"air canada_boeing787-16\" loading=\"lazy\" width=\"1012\" height=\"674\">\n\t\t\t<\/figure>\n<h2 class=\"wp-block-heading\" id=\"conclusion\">Conclusion<\/h2>\n\n<p>La politique de bonne volont\u00e9 am\u00e9lior\u00e9e d&rsquo;Air Canada repr\u00e9sente un effort significatif pour faire face \u00e0 la perturbation importante caus\u00e9e par la gr\u00e8ve des agents de bord. En couvrant les frais d&rsquo;h\u00e9bergement, de repas et de transport, la compagnie a\u00e9rienne assume la responsabilit\u00e9 des d\u00e9sagr\u00e9ments subis par les passagers, m\u00eame si les conflits de travail sont g\u00e9n\u00e9ralement consid\u00e9r\u00e9s comme \u00e9chappant au contr\u00f4le d&rsquo;une compagnie a\u00e9rienne selon les r\u00e8glements sur les droits des passagers. <\/p>\n\n<p>Bien que le traitement des demandes puisse prendre plusieurs semaines, les passagers touch\u00e9s doivent s&rsquo;assurer de soumettre tous les re\u00e7us pour les d\u00e9penses raisonnables via le portail des relations clients d&rsquo;Air Canada. Pour les voyageurs pr\u00e9voyant des vols Air Canada dans les prochains jours, les op\u00e9rations devraient \u00eatre presque revenues \u00e0 la normale d&rsquo;ici le vendredi 22 ao\u00fbt. Cependant, certaines perturbations r\u00e9siduelles pourraient encore se produire pendant que le syst\u00e8me se r\u00e9tablit compl\u00e8tement.  <\/p>\n<h2 class=\"wp-block-heading\" id=\"questions_fr_quemment_pos_es_sur_la_reprise_apr_s_la_gr_ve_dair_canada\">Questions fr&eacute;quemment pos&eacute;es sur la reprise apr&egrave;s la gr&egrave;ve d&rsquo;Air Canada<\/h2>\n<aside class=\"component component__faq wp-block-milesgutenberg-faq\">\n\t\n<div class=\"component component__faq__item component__faq__item--opened wp-block-milesgutenberg-faq-item\">\n\t<div class=\"component__faq__item__title\">\n\t\t<h4 id=\"quels_sont_les_frais_quair_canada_couvrira_pour_les_passagers_touch_s_\" class=\"toc_exclude component__faq__item__title__heading\">\n\t\t\tQuels sont les frais qu\u2019Air Canada couvrira pour les passagers touch\u00e9s&nbsp;?\t\t<\/h4>\n\t\t<i class=\"fas fa-chevron-down\"><\/i>\n\t<\/div>\n\t<div class=\"component__faq__item__content\">\n\t\t<div class=\"component__faq__item__content__inner\">\n\t\t\t\n\n<p>Air Canada couvrira les d\u00e9penses raisonnables pour les s\u00e9jours \u00e0 l&rsquo;h\u00f4tel, les repas, le transport terrestre, les vols sur d&rsquo;autres compagnies a\u00e9riennes (lorsqu&rsquo;Air Canada ne pouvait pas proposer de r\u00e9servation rapide), et autres co\u00fbts n\u00e9cessaires encourus en raison de la perturbation entre le 15 et le 23 ao\u00fbt 2025.<\/p>\n\n\t\t<\/div>\n\t<\/div>\n<\/div>\n\n\n<div class=\"component component__faq__item component__faq__item--opened wp-block-milesgutenberg-faq-item\">\n\t<div class=\"component__faq__item__title\">\n\t\t<h4 id=\"comment_puis-je_soumettre_une_demande_de_remboursement_\" class=\"toc_exclude component__faq__item__title__heading\">\n\t\t\tComment puis-je soumettre une demande de remboursement&nbsp;?\t\t<\/h4>\n\t\t<i class=\"fas fa-chevron-down\"><\/i>\n\t<\/div>\n\t<div class=\"component__faq__item__content\">\n\t\t<div class=\"component__faq__item__content__inner\">\n\t\t\t\n\n<p>Les demandes doivent \u00eatre soumises via le portail des relations clients d&rsquo;Air Canada avec les re\u00e7us justificatifs. Visitez <a href=\"http:\/\/www.aircanada.com\/action\" target=\"_blank\" rel=\"noreferrer noopener\">www.aircanada.com\/action<\/a> pour des instructions d\u00e9taill\u00e9es. <\/p>\n\n\t\t<\/div>\n\t<\/div>\n<\/div>\n\n\n<div class=\"component component__faq__item component__faq__item--opened wp-block-milesgutenberg-faq-item\">\n\t<div class=\"component__faq__item__title\">\n\t\t<h4 id=\"combien_de_temps_faudra-t-il_pour_recevoir_le_remboursement_\" class=\"toc_exclude component__faq__item__title__heading\">\n\t\t\tCombien de temps faudra-t-il pour recevoir le remboursement&nbsp;?\t\t<\/h4>\n\t\t<i class=\"fas fa-chevron-down\"><\/i>\n\t<\/div>\n\t<div class=\"component__faq__item__content\">\n\t\t<div class=\"component__faq__item__content__inner\">\n\t\t\t\n\n<p>En raison du volume anticip\u00e9 de r\u00e9clamations, Air Canada indique qu&rsquo;il pourrait falloir jusqu&rsquo;\u00e0 quatre \u00e0 six semaines pour traiter toutes les demandes.<\/p>\n\n\t\t<\/div>\n\t<\/div>\n<\/div>\n\n\n<div class=\"component component__faq__item component__faq__item--opened wp-block-milesgutenberg-faq-item\">\n\t<div class=\"component__faq__item__title\">\n\t\t<h4 id=\"air_canada_remboursera-t-elle_les_vols_que_jai_r_serv_s_aupr_s_dautres_compagnies_a_riennes_\" class=\"toc_exclude component__faq__item__title__heading\">\n\t\t\tAir Canada remboursera-t-elle les vols que j\u2019ai r\u00e9serv\u00e9s aupr\u00e8s d\u2019autres compagnies a\u00e9riennes&nbsp;?\t\t<\/h4>\n\t\t<i class=\"fas fa-chevron-down\"><\/i>\n\t<\/div>\n\t<div class=\"component__faq__item__content\">\n\t\t<div class=\"component__faq__item__content__inner\">\n\t\t\t\n\n<p>Oui, si Air Canada n&rsquo;a pas pu vous r\u00e9server \u00e0 nouveau ou a propos\u00e9 des options partant plus de 5 jours apr\u00e8s votre vol initial, la compagnie a\u00e9rienne couvrira le co\u00fbt des vols achet\u00e9s sur des transporteurs alternatifs dans la m\u00eame classe de cabine ou une classe inf\u00e9rieure.<\/p>\n\n\t\t<\/div>\n\t<\/div>\n<\/div>\n\n\n<div class=\"component component__faq__item component__faq__item--opened wp-block-milesgutenberg-faq-item\">\n\t<div class=\"component__faq__item__title\">\n\t\t<h4 id=\"la_gr_ve_des_agents_de_bord_est-elle_compl_tement_termin_e_\" class=\"toc_exclude component__faq__item__title__heading\">\n\t\t\tLa gr\u00e8ve des agents de bord est-elle compl\u00e8tement termin\u00e9e&nbsp;?\t\t<\/h4>\n\t\t<i class=\"fas fa-chevron-down\"><\/i>\n\t<\/div>\n\t<div class=\"component__faq__item__content\">\n\t\t<div class=\"component__faq__item__content__inner\">\n\t\t\t\n\n<p>Bien que les agents de bord soient retourn\u00e9s au travail et que les op\u00e9rations se normalisent, les membres du syndicat doivent encore voter sur l&rsquo;accord provisoire. Le vote se terminera d&rsquo;ici le 6 septembre 2025. <\/p>\n\n\t\t<\/div>\n\t<\/div>\n<\/div>\n\n\n<div class=\"component component__faq__item component__faq__item--opened wp-block-milesgutenberg-faq-item\">\n\t<div class=\"component__faq__item__title\">\n\t\t<h4 id=\"les_vols_dair_canada_sont-ils_revenus_la_normale_maintenant_\" class=\"toc_exclude component__faq__item__title__heading\">\n\t\t\tLes vols d\u2019Air Canada sont-ils revenus \u00e0 la normale maintenant&nbsp;?\t\t<\/h4>\n\t\t<i class=\"fas fa-chevron-down\"><\/i>\n\t<\/div>\n\t<div class=\"component__faq__item__content\">\n\t\t<div class=\"component__faq__item__content__inner\">\n\t\t\t\n\n<p>En date du 21 ao\u00fbt, Air Canada a rapport\u00e9 que 98&nbsp;% des vols int\u00e9rieurs, 99&nbsp;% des vols vers les \u00c9tats-Unis et 96&nbsp;% des vols internationaux \u00e9taient op\u00e9rationnels. La compagnie a\u00e9rienne s&rsquo;attend \u00e0 fonctionner pr\u00e8s de son horaire normal d&rsquo;ici le vendredi 22 ao\u00fbt. <\/p>\n\n\t\t<\/div>\n\t<\/div>\n<\/div>\n\n\n<div class=\"component component__faq__item component__faq__item--opened wp-block-milesgutenberg-faq-item\">\n\t<div class=\"component__faq__item__title\">\n\t\t<h4 id=\"que_dois-je_faire_si_mon_vol_air_canada_venir_a_t_annul_\" class=\"toc_exclude component__faq__item__title__heading\">\n\t\t\tQue dois-je faire si mon vol Air Canada \u00e0 venir a \u00e9t\u00e9 annul\u00e9&nbsp;?\t\t<\/h4>\n\t\t<i class=\"fas fa-chevron-down\"><\/i>\n\t<\/div>\n\t<div class=\"component__faq__item__content\">\n\t\t<div class=\"component__faq__item__content__inner\">\n\t\t\t\n\n<p>Si votre vol a \u00e9t\u00e9 annul\u00e9 en raison de la gr\u00e8ve, Air Canada aurait d\u00fb vous contacter avec des options de r\u00e9servation. Si vous n&rsquo;avez pas re\u00e7u de communication ou avez besoin d&rsquo;assistance, contactez le service client\u00e8le d&rsquo;Air Canada au 1-888-247-2262 ou v\u00e9rifiez le statut de votre r\u00e9servation sur aircanada.com. <\/p>\n\n\t\t<\/div>\n\t<\/div>\n<\/div>\n\n<\/aside>","protected":false},"excerpt":{"rendered":"<p>Air Canada annonce une politique de compensation \u00e9largie couvrant les frais d&rsquo;h\u00f4tel et de repas pour les passagers touch\u00e9s par la r\u00e9cente gr\u00e8ve des agents de bord. Retour \u00e0 la normale pr\u00e9vu d&rsquo;ici le 22 ao\u00fbt. <\/p>","protected":false},"author":2,"featured_media":4603,"comment_status":"open","ping_status":"open","sticky":false,"template":"","format":"standard","meta":{"_acf_changed":false,"_relevanssi_hide_post":"","_relevanssi_hide_content":"","_relevanssi_pin_for_all":"","_relevanssi_pin_keywords":"","_relevanssi_unpin_keywords":"","_relevanssi_related_keywords":"","_relevanssi_related_include_ids":"","_relevanssi_related_exclude_ids":"","_relevanssi_related_no_append":"","_relevanssi_related_not_related":"","_relevanssi_related_posts":"","_relevanssi_noindex_reason":"","footnotes":""},"categories":[48],"tags":[],"mc_loyalty_program":[369],"class_list":["post-4860","post","type-post","status-publish","format-standard","has-post-thumbnail","hentry","category-actus","mc_loyalty_program-aeroplan-fr","airline-air-canada"],"acf":[],"yoast_head":"<!-- This site is optimized with the Yoast SEO plugin v27.4 - https:\/\/yoast.com\/product\/yoast-seo-wordpress\/ -->\n<title>Air Canada couvrira les frais d\u2019h\u00f4tel et de repas des passagers touch\u00e9s par la gr\u00e8ve | Milesopedia USA<\/title>\n<meta name=\"description\" content=\"Air Canada annonce une politique de compensation \u00e9largie couvrant les frais d&#039;h\u00f4tel et de repas pour les passagers touch\u00e9s par la r\u00e9cente gr\u00e8ve des agents de bord. Retour \u00e0 la normale pr\u00e9vu d&#039;ici le 22 ao\u00fbt.\" \/>\n<meta name=\"robots\" content=\"index, follow, max-snippet:-1, max-image-preview:large, max-video-preview:-1\" \/>\n<link rel=\"canonical\" href=\"https:\/\/milesopedia.us\/fr\/actus\/air-canada-strike-compensation\/\" \/>\n<meta property=\"og:locale\" content=\"fr_FR\" \/>\n<meta property=\"og:type\" content=\"article\" \/>\n<meta property=\"og:title\" content=\"Air Canada couvrira les frais d&#039;h\u00f4tel et de repas des passagers touch\u00e9s par la gr\u00e8ve | Milesopedia USA\" \/>\n<meta property=\"og:description\" content=\"Air Canada annonce une politique de compensation \u00e9largie couvrant les frais d&#039;h\u00f4tel et de repas pour les passagers touch\u00e9s par la r\u00e9cente gr\u00e8ve des agents de bord. Retour \u00e0 la normale pr\u00e9vu d&#039;ici le 22 ao\u00fbt.\" \/>\n<meta property=\"og:url\" content=\"https:\/\/milesopedia.us\/fr\/actus\/air-canada-strike-compensation\/\" \/>\n<meta property=\"og:site_name\" content=\"Milesopedia USA\" \/>\n<meta property=\"article:publisher\" content=\"https:\/\/www.facebook.com\/milesopedia.usa\" \/>\n<meta property=\"article:published_time\" content=\"2025-12-08T18:51:23+00:00\" \/>\n<meta property=\"article:modified_time\" content=\"2025-12-22T13:05:37+00:00\" \/>\n<meta property=\"og:image\" content=\"https:\/\/milesopedia.us\/wp-content\/uploads\/2025\/08\/air-canada-a220-3.jpg\" \/>\n\t<meta property=\"og:image:width\" content=\"1799\" \/>\n\t<meta property=\"og:image:height\" content=\"1200\" \/>\n\t<meta property=\"og:image:type\" content=\"image\/jpeg\" \/>\n<meta name=\"author\" content=\"Jean-Maximilien Voisine\" \/>\n<meta name=\"twitter:card\" content=\"summary_large_image\" \/>\n<meta name=\"twitter:label1\" content=\"\u00c9crit par\" \/>\n\t<meta name=\"twitter:data1\" content=\"Jean-Maximilien Voisine\" \/>\n\t<meta name=\"twitter:label2\" content=\"Dur\u00e9e de lecture estim\u00e9e\" \/>\n\t<meta name=\"twitter:data2\" content=\"8 minutes\" \/>\n<script type=\"application\/ld+json\" class=\"yoast-schema-graph\">{\"@context\":\"https:\\\/\\\/schema.org\",\"@graph\":[{\"@type\":\"Article\",\"@id\":\"https:\\\/\\\/milesopedia.us\\\/fr\\\/actus\\\/air-canada-strike-compensation\\\/#article\",\"isPartOf\":{\"@id\":\"https:\\\/\\\/milesopedia.us\\\/fr\\\/actus\\\/air-canada-strike-compensation\\\/\"},\"author\":{\"name\":\"Jean-Maximilien Voisine\",\"@id\":\"https:\\\/\\\/milesopedia.us\\\/fr\\\/#\\\/schema\\\/person\\\/1e2439bbc22e8396dc6559ffcc3fbf2f\"},\"headline\":\"Air Canada couvrira les frais d&rsquo;h\u00f4tel et de repas des passagers touch\u00e9s par la gr\u00e8ve\",\"datePublished\":\"2025-12-08T18:51:23+00:00\",\"dateModified\":\"2025-12-22T13:05:37+00:00\",\"mainEntityOfPage\":{\"@id\":\"https:\\\/\\\/milesopedia.us\\\/fr\\\/actus\\\/air-canada-strike-compensation\\\/\"},\"wordCount\":1757,\"commentCount\":0,\"publisher\":{\"@id\":\"https:\\\/\\\/milesopedia.us\\\/fr\\\/#organization\"},\"image\":{\"@id\":\"https:\\\/\\\/milesopedia.us\\\/fr\\\/actus\\\/air-canada-strike-compensation\\\/#primaryimage\"},\"thumbnailUrl\":\"https:\\\/\\\/milesopedia.us\\\/wp-content\\\/uploads\\\/2025\\\/08\\\/air-canada-a220-3.jpg\",\"articleSection\":[\"Actualites\"],\"inLanguage\":\"fr-FR\",\"potentialAction\":[{\"@type\":\"CommentAction\",\"name\":\"Comment\",\"target\":[\"https:\\\/\\\/milesopedia.us\\\/fr\\\/actus\\\/air-canada-strike-compensation\\\/#respond\"]}]},{\"@type\":\"WebPage\",\"@id\":\"https:\\\/\\\/milesopedia.us\\\/fr\\\/actus\\\/air-canada-strike-compensation\\\/\",\"url\":\"https:\\\/\\\/milesopedia.us\\\/fr\\\/actus\\\/air-canada-strike-compensation\\\/\",\"name\":\"Air Canada couvrira les frais d'h\u00f4tel et de repas des passagers touch\u00e9s par la gr\u00e8ve | Milesopedia USA\",\"isPartOf\":{\"@id\":\"https:\\\/\\\/milesopedia.us\\\/fr\\\/#website\"},\"primaryImageOfPage\":{\"@id\":\"https:\\\/\\\/milesopedia.us\\\/fr\\\/actus\\\/air-canada-strike-compensation\\\/#primaryimage\"},\"image\":{\"@id\":\"https:\\\/\\\/milesopedia.us\\\/fr\\\/actus\\\/air-canada-strike-compensation\\\/#primaryimage\"},\"thumbnailUrl\":\"https:\\\/\\\/milesopedia.us\\\/wp-content\\\/uploads\\\/2025\\\/08\\\/air-canada-a220-3.jpg\",\"datePublished\":\"2025-12-08T18:51:23+00:00\",\"dateModified\":\"2025-12-22T13:05:37+00:00\",\"description\":\"Air Canada annonce une politique de compensation \u00e9largie couvrant les frais d'h\u00f4tel et de repas pour les passagers touch\u00e9s par la r\u00e9cente gr\u00e8ve des agents de bord. Retour \u00e0 la normale pr\u00e9vu d'ici le 22 ao\u00fbt.\",\"inLanguage\":\"fr-FR\",\"potentialAction\":[{\"@type\":\"ReadAction\",\"target\":[\"https:\\\/\\\/milesopedia.us\\\/fr\\\/actus\\\/air-canada-strike-compensation\\\/\"]}]},{\"@type\":\"ImageObject\",\"inLanguage\":\"fr-FR\",\"@id\":\"https:\\\/\\\/milesopedia.us\\\/fr\\\/actus\\\/air-canada-strike-compensation\\\/#primaryimage\",\"url\":\"https:\\\/\\\/milesopedia.us\\\/wp-content\\\/uploads\\\/2025\\\/08\\\/air-canada-a220-3.jpg\",\"contentUrl\":\"https:\\\/\\\/milesopedia.us\\\/wp-content\\\/uploads\\\/2025\\\/08\\\/air-canada-a220-3.jpg\",\"width\":1799,\"height\":1200},{\"@type\":\"WebSite\",\"@id\":\"https:\\\/\\\/milesopedia.us\\\/fr\\\/#website\",\"url\":\"https:\\\/\\\/milesopedia.us\\\/fr\\\/\",\"name\":\"Milesopedia USA\",\"description\":\"Loyalty Programs &amp; Credit Cards\",\"publisher\":{\"@id\":\"https:\\\/\\\/milesopedia.us\\\/fr\\\/#organization\"},\"potentialAction\":[{\"@type\":\"SearchAction\",\"target\":{\"@type\":\"EntryPoint\",\"urlTemplate\":\"https:\\\/\\\/milesopedia.us\\\/fr\\\/?s={search_term_string}\"},\"query-input\":{\"@type\":\"PropertyValueSpecification\",\"valueRequired\":true,\"valueName\":\"search_term_string\"}}],\"inLanguage\":\"fr-FR\"},{\"@type\":\"Organization\",\"@id\":\"https:\\\/\\\/milesopedia.us\\\/fr\\\/#organization\",\"name\":\"Milesopedia \u00c9tats-Unis\",\"url\":\"https:\\\/\\\/milesopedia.us\\\/fr\\\/\",\"logo\":{\"@type\":\"ImageObject\",\"inLanguage\":\"fr-FR\",\"@id\":\"https:\\\/\\\/milesopedia.us\\\/fr\\\/#\\\/schema\\\/logo\\\/image\\\/\",\"url\":\"https:\\\/\\\/milesopedia.us\\\/wp-content\\\/uploads\\\/2025\\\/01\\\/Milesopedia-USA.png\",\"contentUrl\":\"https:\\\/\\\/milesopedia.us\\\/wp-content\\\/uploads\\\/2025\\\/01\\\/Milesopedia-USA.png\",\"width\":1024,\"height\":234,\"caption\":\"Milesopedia \u00c9tats-Unis\"},\"image\":{\"@id\":\"https:\\\/\\\/milesopedia.us\\\/fr\\\/#\\\/schema\\\/logo\\\/image\\\/\"},\"sameAs\":[\"https:\\\/\\\/www.facebook.com\\\/milesopedia.usa\",\"https:\\\/\\\/www.instagram.com\\\/milesopedia.usa\"]},{\"@type\":\"Person\",\"@id\":\"https:\\\/\\\/milesopedia.us\\\/fr\\\/#\\\/schema\\\/person\\\/1e2439bbc22e8396dc6559ffcc3fbf2f\",\"name\":\"Jean-Maximilien Voisine\",\"image\":{\"@type\":\"ImageObject\",\"inLanguage\":\"fr-FR\",\"@id\":\"https:\\\/\\\/secure.gravatar.com\\\/avatar\\\/47e154167614df581f4f4ac92b021f0886e067b69abb6cd8df87e4949f84bcc7?s=96&d=mm&r=g\",\"url\":\"https:\\\/\\\/secure.gravatar.com\\\/avatar\\\/47e154167614df581f4f4ac92b021f0886e067b69abb6cd8df87e4949f84bcc7?s=96&d=mm&r=g\",\"contentUrl\":\"https:\\\/\\\/secure.gravatar.com\\\/avatar\\\/47e154167614df581f4f4ac92b021f0886e067b69abb6cd8df87e4949f84bcc7?s=96&d=mm&r=g\",\"caption\":\"Jean-Maximilien Voisine\"},\"description\":\"Jean-Maximilien Voisine is the President and Founder of Milesopedia and a leading expert in rewards programs, credit cards, and travel across Canada, France, and the U.S.A. Now 40 years old and a father of two, he has explored more than 100 countries\u2014many of them alongside his wife Audrey and their children. Specializing in loyalty programs such as Aeroplan, American Express Membership Rewards, and Marriott Bonvoy, Jean-Maximilien helps travellers unlock the full potential of their points and benefits. His mission: empower others to travel better and smarter across North America and Europe.\",\"url\":\"https:\\\/\\\/milesopedia.us\\\/fr\\\/author\\\/jmvmilesopedia-com\\\/\"}]}<\/script>\n<!-- \/ Yoast SEO plugin. -->","yoast_head_json":{"title":"Air Canada couvrira les frais d\u2019h\u00f4tel et de repas des passagers touch\u00e9s par la gr\u00e8ve | Milesopedia USA","description":"Air Canada annonce une politique de compensation \u00e9largie couvrant les frais d'h\u00f4tel et de repas pour les passagers touch\u00e9s par la r\u00e9cente gr\u00e8ve des agents de bord. Retour \u00e0 la normale pr\u00e9vu d'ici le 22 ao\u00fbt.","robots":{"index":"index","follow":"follow","max-snippet":"max-snippet:-1","max-image-preview":"max-image-preview:large","max-video-preview":"max-video-preview:-1"},"canonical":"https:\/\/milesopedia.us\/fr\/actus\/air-canada-strike-compensation\/","og_locale":"fr_FR","og_type":"article","og_title":"Air Canada couvrira les frais d'h\u00f4tel et de repas des passagers touch\u00e9s par la gr\u00e8ve | Milesopedia USA","og_description":"Air Canada annonce une politique de compensation \u00e9largie couvrant les frais d'h\u00f4tel et de repas pour les passagers touch\u00e9s par la r\u00e9cente gr\u00e8ve des agents de bord. Retour \u00e0 la normale pr\u00e9vu d'ici le 22 ao\u00fbt.","og_url":"https:\/\/milesopedia.us\/fr\/actus\/air-canada-strike-compensation\/","og_site_name":"Milesopedia USA","article_publisher":"https:\/\/www.facebook.com\/milesopedia.usa","article_published_time":"2025-12-08T18:51:23+00:00","article_modified_time":"2025-12-22T13:05:37+00:00","og_image":[{"width":1799,"height":1200,"url":"https:\/\/milesopedia.us\/wp-content\/uploads\/2025\/08\/air-canada-a220-3.jpg","type":"image\/jpeg"}],"author":"Jean-Maximilien Voisine","twitter_card":"summary_large_image","twitter_misc":{"\u00c9crit par":"Jean-Maximilien Voisine","Dur\u00e9e de lecture estim\u00e9e":"8 minutes"},"schema":{"@context":"https:\/\/schema.org","@graph":[{"@type":"Article","@id":"https:\/\/milesopedia.us\/fr\/actus\/air-canada-strike-compensation\/#article","isPartOf":{"@id":"https:\/\/milesopedia.us\/fr\/actus\/air-canada-strike-compensation\/"},"author":{"name":"Jean-Maximilien Voisine","@id":"https:\/\/milesopedia.us\/fr\/#\/schema\/person\/1e2439bbc22e8396dc6559ffcc3fbf2f"},"headline":"Air Canada couvrira les frais d&rsquo;h\u00f4tel et de repas des passagers touch\u00e9s par la gr\u00e8ve","datePublished":"2025-12-08T18:51:23+00:00","dateModified":"2025-12-22T13:05:37+00:00","mainEntityOfPage":{"@id":"https:\/\/milesopedia.us\/fr\/actus\/air-canada-strike-compensation\/"},"wordCount":1757,"commentCount":0,"publisher":{"@id":"https:\/\/milesopedia.us\/fr\/#organization"},"image":{"@id":"https:\/\/milesopedia.us\/fr\/actus\/air-canada-strike-compensation\/#primaryimage"},"thumbnailUrl":"https:\/\/milesopedia.us\/wp-content\/uploads\/2025\/08\/air-canada-a220-3.jpg","articleSection":["Actualites"],"inLanguage":"fr-FR","potentialAction":[{"@type":"CommentAction","name":"Comment","target":["https:\/\/milesopedia.us\/fr\/actus\/air-canada-strike-compensation\/#respond"]}]},{"@type":"WebPage","@id":"https:\/\/milesopedia.us\/fr\/actus\/air-canada-strike-compensation\/","url":"https:\/\/milesopedia.us\/fr\/actus\/air-canada-strike-compensation\/","name":"Air Canada couvrira les frais d'h\u00f4tel et de repas des passagers touch\u00e9s par la gr\u00e8ve | Milesopedia USA","isPartOf":{"@id":"https:\/\/milesopedia.us\/fr\/#website"},"primaryImageOfPage":{"@id":"https:\/\/milesopedia.us\/fr\/actus\/air-canada-strike-compensation\/#primaryimage"},"image":{"@id":"https:\/\/milesopedia.us\/fr\/actus\/air-canada-strike-compensation\/#primaryimage"},"thumbnailUrl":"https:\/\/milesopedia.us\/wp-content\/uploads\/2025\/08\/air-canada-a220-3.jpg","datePublished":"2025-12-08T18:51:23+00:00","dateModified":"2025-12-22T13:05:37+00:00","description":"Air Canada annonce une politique de compensation \u00e9largie couvrant les frais d'h\u00f4tel et de repas pour les passagers touch\u00e9s par la r\u00e9cente gr\u00e8ve des agents de bord. Retour \u00e0 la normale pr\u00e9vu d'ici le 22 ao\u00fbt.","inLanguage":"fr-FR","potentialAction":[{"@type":"ReadAction","target":["https:\/\/milesopedia.us\/fr\/actus\/air-canada-strike-compensation\/"]}]},{"@type":"ImageObject","inLanguage":"fr-FR","@id":"https:\/\/milesopedia.us\/fr\/actus\/air-canada-strike-compensation\/#primaryimage","url":"https:\/\/milesopedia.us\/wp-content\/uploads\/2025\/08\/air-canada-a220-3.jpg","contentUrl":"https:\/\/milesopedia.us\/wp-content\/uploads\/2025\/08\/air-canada-a220-3.jpg","width":1799,"height":1200},{"@type":"WebSite","@id":"https:\/\/milesopedia.us\/fr\/#website","url":"https:\/\/milesopedia.us\/fr\/","name":"Milesopedia USA","description":"Loyalty Programs &amp; Credit Cards","publisher":{"@id":"https:\/\/milesopedia.us\/fr\/#organization"},"potentialAction":[{"@type":"SearchAction","target":{"@type":"EntryPoint","urlTemplate":"https:\/\/milesopedia.us\/fr\/?s={search_term_string}"},"query-input":{"@type":"PropertyValueSpecification","valueRequired":true,"valueName":"search_term_string"}}],"inLanguage":"fr-FR"},{"@type":"Organization","@id":"https:\/\/milesopedia.us\/fr\/#organization","name":"Milesopedia \u00c9tats-Unis","url":"https:\/\/milesopedia.us\/fr\/","logo":{"@type":"ImageObject","inLanguage":"fr-FR","@id":"https:\/\/milesopedia.us\/fr\/#\/schema\/logo\/image\/","url":"https:\/\/milesopedia.us\/wp-content\/uploads\/2025\/01\/Milesopedia-USA.png","contentUrl":"https:\/\/milesopedia.us\/wp-content\/uploads\/2025\/01\/Milesopedia-USA.png","width":1024,"height":234,"caption":"Milesopedia \u00c9tats-Unis"},"image":{"@id":"https:\/\/milesopedia.us\/fr\/#\/schema\/logo\/image\/"},"sameAs":["https:\/\/www.facebook.com\/milesopedia.usa","https:\/\/www.instagram.com\/milesopedia.usa"]},{"@type":"Person","@id":"https:\/\/milesopedia.us\/fr\/#\/schema\/person\/1e2439bbc22e8396dc6559ffcc3fbf2f","name":"Jean-Maximilien Voisine","image":{"@type":"ImageObject","inLanguage":"fr-FR","@id":"https:\/\/secure.gravatar.com\/avatar\/47e154167614df581f4f4ac92b021f0886e067b69abb6cd8df87e4949f84bcc7?s=96&d=mm&r=g","url":"https:\/\/secure.gravatar.com\/avatar\/47e154167614df581f4f4ac92b021f0886e067b69abb6cd8df87e4949f84bcc7?s=96&d=mm&r=g","contentUrl":"https:\/\/secure.gravatar.com\/avatar\/47e154167614df581f4f4ac92b021f0886e067b69abb6cd8df87e4949f84bcc7?s=96&d=mm&r=g","caption":"Jean-Maximilien Voisine"},"description":"Jean-Maximilien Voisine is the President and Founder of Milesopedia and a leading expert in rewards programs, credit cards, and travel across Canada, France, and the U.S.A. Now 40 years old and a father of two, he has explored more than 100 countries\u2014many of them alongside his wife Audrey and their children. Specializing in loyalty programs such as Aeroplan, American Express Membership Rewards, and Marriott Bonvoy, Jean-Maximilien helps travellers unlock the full potential of their points and benefits. His mission: empower others to travel better and smarter across North America and Europe.","url":"https:\/\/milesopedia.us\/fr\/author\/jmvmilesopedia-com\/"}]}},"_links":{"self":[{"href":"https:\/\/milesopedia.us\/fr\/wp-json\/wp\/v2\/posts\/4860","targetHints":{"allow":["GET"]}}],"collection":[{"href":"https:\/\/milesopedia.us\/fr\/wp-json\/wp\/v2\/posts"}],"about":[{"href":"https:\/\/milesopedia.us\/fr\/wp-json\/wp\/v2\/types\/post"}],"author":[{"embeddable":true,"href":"https:\/\/milesopedia.us\/fr\/wp-json\/wp\/v2\/users\/2"}],"replies":[{"embeddable":true,"href":"https:\/\/milesopedia.us\/fr\/wp-json\/wp\/v2\/comments?post=4860"}],"version-history":[{"count":3,"href":"https:\/\/milesopedia.us\/fr\/wp-json\/wp\/v2\/posts\/4860\/revisions"}],"predecessor-version":[{"id":8865,"href":"https:\/\/milesopedia.us\/fr\/wp-json\/wp\/v2\/posts\/4860\/revisions\/8865"}],"wp:featuredmedia":[{"embeddable":true,"href":"https:\/\/milesopedia.us\/fr\/wp-json\/wp\/v2\/media\/4603"}],"wp:attachment":[{"href":"https:\/\/milesopedia.us\/fr\/wp-json\/wp\/v2\/media?parent=4860"}],"wp:term":[{"taxonomy":"category","embeddable":true,"href":"https:\/\/milesopedia.us\/fr\/wp-json\/wp\/v2\/categories?post=4860"},{"taxonomy":"post_tag","embeddable":true,"href":"https:\/\/milesopedia.us\/fr\/wp-json\/wp\/v2\/tags?post=4860"},{"taxonomy":"mc_loyalty_program","embeddable":true,"href":"https:\/\/milesopedia.us\/fr\/wp-json\/wp\/v2\/mc_loyalty_program?post=4860"}],"curies":[{"name":"wp","href":"https:\/\/api.w.org\/{rel}","templated":true}]}}