{"id":5876,"date":"2025-12-16T18:07:40","date_gmt":"2025-12-16T23:07:40","guid":{"rendered":"https:\/\/milesopedia.us\/actus\/air-france-new-miami-lounge\/"},"modified":"2026-01-26T08:49:34","modified_gmt":"2026-01-26T13:49:34","slug":"air-france-nouveau-salon-miami","status":"publish","type":"post","link":"https:\/\/milesopedia.us\/fr\/actus\/air-france-nouveau-salon-miami\/","title":{"rendered":"Air France pr\u00e9voit d&rsquo;ouvrir un nouveau salon avec terrasse ext\u00e9rieure \u00e0 l&rsquo;a\u00e9roport international de Miami"},"content":{"rendered":"\n<p>Excellente nouvelle pour les voyageurs fr\u00e9quents et les passagers de premi\u00e8re classe transitant par <a href=\"https:\/\/www.miami-airport.com\/\" target=\"_blank\">l\u2019a\u00e9roport international de Miami (MIA)<\/a>\u00a0: <a class=\"thirstylink\" title=\"Air France\" href=\"https:\/\/milesopedia.us\/fr\/go\/air-france\/\" data-shortcode=\"true\">Air France<\/a> pr\u00e9voit d\u2019ouvrir son propre salon d\u00e9di\u00e9, dot\u00e9 d\u2019un \u00e9l\u00e9ment unique pour l\u2019a\u00e9roport\u00a0: une terrasse ext\u00e9rieure. Ce d\u00e9veloppement repr\u00e9sente une autre \u00e9tape positive dans l\u2019am\u00e9lioration continue des offres de salons du MIA, qui ont toujours \u00e9t\u00e9 \u00e0 la tra\u00eene par rapport aux autres grandes portes d\u2019entr\u00e9e internationales.<\/p>\n\n<p>Selon Ben Schlappig de One Mile at a Time, <a href=\"https:\/\/onemileatatime.com\/news\/air-france-lounge-miami-airport\/\" target=\"_blank\">qui a d\u00e9couvert cette information<\/a> dans un ordre du jour du comit\u00e9 de l&rsquo;a\u00e9roport de Miami-Dade <a href=\"https:\/\/www.miamidade.gov\/govaction\/commagenda.asp?cmbmeetdate=5377&amp;file=true&amp;changes=false&amp;auditor=false\" target=\"_blank\">document<\/a>, le nouveau salon <a class=\"thirstylink\" title=\"Air France\" href=\"https:\/\/milesopedia.us\/fr\/go\/air-france\/\" data-shortcode=\"true\">Air France<\/a> sera une am\u00e9lioration significative par rapport \u00e0 la situation actuelle, o\u00f9 les passagers premium d&rsquo;<a class=\"thirstylink\" title=\"Air France\" href=\"https:\/\/milesopedia.us\/fr\/go\/air-france\/\" data-shortcode=\"true\">Air France<\/a> sont dirig\u00e9s vers le Delta Sky Club souvent bond\u00e9.<\/p>\n<h2 class=\"wp-block-heading\" id=\"d_tails_et_emplacement_du_salon\">D&eacute;tails et emplacement du salon<\/h2>\n\n<p>Selon les informations r\u00e9v\u00e9l\u00e9es dans le <a href=\"https:\/\/www.miamidade.gov\/govaction\/legistarfiles\/Matters\/Y2025\/251612.pdf\" target=\"_blank\">document de 96 pages de l&rsquo;a\u00e9roport<\/a>, le salon Air France pr\u00e9vu comprendra&nbsp;:<\/p>\n\n<div class=\"component component__list checkmarks\"><ul class=\"wp-block-list is-style-checkmarks\">\n<li>Une superficie totale d&rsquo;environ 685 m\u00e8tres carr\u00e9s<\/li>\n\n\n\n<li>Une zone int\u00e9rieure de 592 m\u00e8tres carr\u00e9s<\/li>\n\n\n\n<li>Une terrasse ext\u00e9rieure de 93 m\u00e8tres carr\u00e9s (une premi\u00e8re pour les salons de MIA)<\/li>\n\n\n\n<li>Situ\u00e9 dans le terminal H au niveau trois, pr\u00e8s des portes H12 et H15<\/li>\n<\/ul><\/div>\n\n<p>L&#8217;emplacement du salon dans le terminal H est int\u00e9ressant car les vols Air France partent actuellement g\u00e9n\u00e9ralement des portes sup\u00e9rieures du terminal J. Comme le note Schlappig, il ne serait pas surprenant qu&rsquo;Air France d\u00e9place ses d\u00e9parts vers le terminal H une fois le salon ouvert, car il y a \u00e9galement des portes adapt\u00e9es aux gros-porteurs dans ce terminal.<\/p>\n<figure class=\"component component__image has-text-align-center wp-block-image size-large wp-block-milesgutenberg-image\">\n\t\t\t\t<img decoding=\"async\" class=\"miles_img img-large\" src=\"https:\/\/milesopedia.us\/wp-content\/uploads\/2025\/09\/MIA-Gate-Map-lounge-1024x770.webp\" alt=\"MIA-Gate-Map-lounge\" loading=\"lazy\" width=\"1012\" height=\"761\">\n\t\t\t<\/figure>\n<h2 class=\"wp-block-heading\" id=\"calendrier_pr_vu_et_investissement\">Calendrier pr&eacute;vu et investissement<\/h2>\n\n<p>Bien que ce soit une nouvelle excitante, les passagers devront \u00eatre patients car l&rsquo;ouverture du salon n&rsquo;est pas pr\u00e9vue dans l&rsquo;imm\u00e9diat. Selon les documents de l&rsquo;a\u00e9roport&nbsp;: <\/p>\n\n<div class=\"component component__list\"><ul class=\"wp-block-list\">\n<li>Air France a obtenu un bail de 10 ans avec une possible extension de 5 ans<\/li>\n\n\n\n<li>La compagnie investira environ 7 \u00e0 8 millions de dollars dans la construction<\/li>\n\n\n\n<li>Le loyer mensuel sera d&rsquo;environ 96&nbsp;000 dollars<\/li>\n\n\n\n<li>Les paiements complets du loyer doivent commencer en mars 2028, sugg\u00e9rant que c&rsquo;est la p\u00e9riode d&rsquo;ouverture vis\u00e9e<\/li>\n<\/ul><\/div>\n\n<p>Comme pour tout projet de construction majeur d&rsquo;a\u00e9roport, ce calendrier pourrait \u00e9voluer, mais cela nous donne une id\u00e9e g\u00e9n\u00e9rale de quand attendre cette nouvelle installation premium.<\/p>\n<h2 class=\"wp-block-heading\" id=\"_quoi_sattendre_de_lexp_rience_du_salon_air_france\">&Agrave; quoi s&rsquo;attendre de l&rsquo;exp&eacute;rience du salon Air France<\/h2>\n\n<p>Bien que les d\u00e9tails sp\u00e9cifiques sur les commodit\u00e9s du salon n&rsquo;aient pas encore \u00e9t\u00e9 r\u00e9v\u00e9l\u00e9s, nous pouvons faire quelques suppositions \u00e9clair\u00e9es bas\u00e9es sur les salons existants d&rsquo;Air France aux \u00c9tats-Unis.<\/p>\n\n<p>Air France est reconnue pour la coh\u00e9rence de ses offres de salons, avec des installations actuellement \u00e0 <a href=\"https:\/\/milesopedia.us\/fr\/actus\/air-france-renovated-boston-lounge\/\">Boston<\/a>, Houston, Los Angeles, New York JFK, San Francisco et Washington Dulles. Ces salons proposent g\u00e9n\u00e9ralement\u00a0:<\/p>\n\n<div class=\"component component__list checkmarks\"><ul class=\"wp-block-list is-style-checkmarks\">\n<li>Un design moderne et \u00e9l\u00e9gant avec l&rsquo;esth\u00e9tique signature d&rsquo;Air France<\/li>\n\n\n\n<li>Une s\u00e9lection de nourriture de haute qualit\u00e9<\/li>\n\n\n\n<li>Un bar avec service complet et boissons premium<\/li>\n\n\n\n<li>Des espaces de d\u00e9tente confortables<\/li>\n\n\n\n<li>Des installations pour les affaires<\/li>\n\n\n\n<li>Des suites de douche (dans la plupart des emplacements)<\/li>\n<\/ul><\/div>\n\n<p>One Mile at a Time souligne \u00e9galement que puisque Miami est un a\u00e9roport qui re\u00e7oit r\u00e9guli\u00e8rement le service <a href=\"https:\/\/milesopedia.com\/en\/news\/airlines\/air-france-new-la-premiere-first-class\/\" target=\"_blank\">La Premi\u00e8re<\/a> d&rsquo;Air France (premi\u00e8re classe), le salon inclura probablement une section premi\u00e8re classe d\u00e9di\u00e9e, similaire aux autres salons Air France am\u00e9ricains qui desservent des routes avec des cabines premi\u00e8re classe.<\/p>\n<figure class=\"component component__image has-text-align-center wp-block-milesgutenberg-image\">\n\t\t\t\t<img decoding=\"async\" class=\"miles_img img-large\" src=\"https:\/\/milesopedia.us\/wp-content\/uploads\/2025\/09\/air-france-lounge-bar-champagne-paris-1024x728.jpg\" alt=\"Screenshot\" loading=\"lazy\" width=\"1012\" height=\"719\">\n\t\t\t<\/figure>\n<h2 class=\"wp-block-heading\" id=\"un_ajout_bienvenu_au_paysage_en_am_lioration_des_salons_de_miami\">Un ajout bienvenu au paysage en am&eacute;lioration des salons de Miami<\/h2>\n\n<p>L&rsquo;annonce du salon Air France s&rsquo;inscrit dans une am\u00e9lioration plus large des installations premium de MIA. Comme le note Schlappig, l&rsquo;a\u00e9roport international de Miami \u2014 qu&rsquo;il appelle son a\u00e9roport d&rsquo;attache \u2014 \u00ab&nbsp;n&rsquo;est pas exactement prim\u00e9&nbsp;\u00bb et a historiquement eu une situation de salon \u00ab&nbsp;plut\u00f4t sombre&nbsp;\u00bb. <\/p>\n\n<p>Cependant, plusieurs d\u00e9veloppements changent cette situation&nbsp;:<\/p>\n\n<div class=\"component component__list checkmarks\"><ul class=\"wp-block-list is-style-checkmarks\">\n<li>American Airlines construit un nouveau salon Flagship<\/li>\n\n\n\n<li><a href=\"https:\/\/milesopedia.us\/fr\/programme-fidelite\/british-airways-club\/\" title=\"British Airways Club\" data-wpil-monitor-id=\"194\">British Airways<\/a> va ouvrir un nouveau salon<\/li>\n\n\n\n<li>Un nouveau salon pour cartes de cr\u00e9dit devrait \u00eatre annonc\u00e9 prochainement<\/li>\n\n\n\n<li>Maintenant, Air France ajoute sa propre installation premium<\/li>\n<\/ul><\/div>\n\n<p>Cette expansion des options de salon est particuli\u00e8rement bienvenue dans les terminaux H et J, qui n&rsquo;ont actuellement que le Delta Sky Club, le salon Avianca-TAP, le salon LATAM et le salon Turkish Airlines.<\/p>\n<h2 class=\"wp-block-heading\" id=\"la_caract_ristique_unique_de_la_terrasse_ext_rieure\">La caract&eacute;ristique unique de la terrasse ext&eacute;rieure<\/h2>\n\n<p>L&rsquo;aspect le plus distinctif du salon Air France pr\u00e9vu est sa terrasse ext\u00e9rieure de 93 m\u00e8tres carr\u00e9s. Ce sera le premier salon de l&rsquo;a\u00e9roport international de Miami \u00e0 offrir une telle caract\u00e9ristique, offrant aux passagers l&rsquo;opportunit\u00e9 de profiter du climat de la Floride avant l&#8217;embarquement. <\/p>\n\n<p>Les espaces de salon ext\u00e9rieurs sont devenus de plus en plus populaires dans les a\u00e9roports du monde entier, offrant une bouff\u00e9e d&rsquo;air frais dans l&rsquo;environnement autrement clos de l&rsquo;a\u00e9roport. Des exemples notables incluent&nbsp;: <\/p>\n\n<div class=\"component component__list checkmarks\"><ul class=\"wp-block-list is-style-checkmarks\">\n<li>Le Delta Sky Deck \u00e0 Atlanta et JFK<\/li>\n\n\n\n<li>La terrasse du salon Star Alliance \u00e0 LAX<\/li>\n\n\n\n<li>La terrasse du Clubhouse <a href=\"https:\/\/milesopedia.us\/fr\/programme-fidelite\/virgin-atlantic-flying-club\/\" title=\"Virgin Atlantic Flying Club\" data-wpil-monitor-id=\"162\">Virgin Atlantic<\/a> \u00e0 Heathrow<\/li>\n<\/ul><\/div>\n\n<p>\u00c9tant donn\u00e9 les conditions m\u00e9t\u00e9orologiques g\u00e9n\u00e9ralement favorables de Miami tout au long de l&rsquo;ann\u00e9e, cet espace ext\u00e9rieur pourrait devenir une caract\u00e9ristique signature du salon et un avantage concurrentiel pour attirer les passagers premium.<\/p>\n<h2 class=\"wp-block-heading\" id=\"qui_aura_acc_s_\">Qui aura acc&egrave;s&nbsp;?<\/h2>\n\n<p>Bien que les politiques d&rsquo;acc\u00e8s officielles n&rsquo;aient pas \u00e9t\u00e9 annonc\u00e9es, nous pouvons nous attendre \u00e0 ce que le salon suive les directives d&rsquo;acc\u00e8s standard d&rsquo;Air France&nbsp;:<\/p>\n\n<div class=\"component component__list checkmarks\"><ul class=\"wp-block-list is-style-checkmarks\">\n<li>Les passagers La Premi\u00e8re d&rsquo;Air France (premi\u00e8re classe)<\/li>\n\n\n\n<li>Les passagers Business class d&rsquo;Air France<\/li>\n\n\n\n<li>Les membres <a href=\"https:\/\/milesopedia.us\/fr\/programme-fidelite\/flying-blue\/\">Flying Blue<\/a> Elite Plus (Gold et Platinum) voyageant sur Air France, KLM ou les partenaires SkyTeam<\/li>\n\n\n\n<li>Les membres SkyTeam Elite Plus voyageant sur Air France, KLM ou les partenaires SkyTeam<\/li>\n\n\n\n<li>Possiblement <a href=\"https:\/\/milesopedia.us\/credit-cards\/air-france-klm-world-elite-mastercard\/\">certains d\u00e9tenteurs de cartes de cr\u00e9dit<\/a> avec des avantages d&rsquo;acc\u00e8s aux salons<\/li>\n<\/ul><\/div>\n\n<p>Le salon accueillera probablement aussi les passagers premium d&rsquo;autres compagnies a\u00e9riennes SkyTeam op\u00e9rant \u00e0 MIA, potentiellement incluant Delta, Aeromexico et d&rsquo;autres.<\/p>\n<h2 class=\"wp-block-heading\" id=\"conclusion\">Conclusion<\/h2>\n\n<p>Le salon Air France pr\u00e9vu \u00e0 l&rsquo;a\u00e9roport international de Miami repr\u00e9sente une am\u00e9lioration significative pour les passagers premium transitant par MIA, particuli\u00e8rement ceux voyageant avec Air France et d&rsquo;autres transporteurs SkyTeam. Avec son design spacieux, sa terrasse ext\u00e9rieure et la r\u00e9putation d&rsquo;Air France pour des salons de qualit\u00e9, cette installation devrait consid\u00e9rablement am\u00e9liorer l&rsquo;exp\u00e9rience avant le vol. <\/p>\n\n<p>Comme le conclut Ben Schlappig de One Mile at a Time, \u00ab&nbsp;Air France fait un excellent travail avec ses salons hors de France&nbsp;\u00bb, et ce nouvel ajout \u00e0 l&rsquo;a\u00e9roport de Miami devrait \u00eatre excellent, conform\u00e9ment \u00e0 l&rsquo;offre typique de salon d&rsquo;Air France aux \u00c9tats-Unis.<\/p>\n\n<p>Bien que la date d&rsquo;ouverture pr\u00e9vue en 2028 signifie que nous devrons \u00eatre patients, il est encourageant de voir l&rsquo;investissement continu dans l&rsquo;am\u00e9lioration des installations de l&rsquo;a\u00e9roport international de Miami et de l&rsquo;exp\u00e9rience des passagers. Ce d\u00e9veloppement, ainsi que d&rsquo;autres ajouts de salons pr\u00e9vus, sugg\u00e8re que MIA s&rsquo;attaque enfin \u00e0 l&rsquo;une de ses faiblesses historiques et travaille \u00e0 cr\u00e9er une exp\u00e9rience de voyage premium plus comp\u00e9titive. <\/p>\n<aside class=\"component component__deferred_contents wp-block-milesgutenberg-deferred-contents\">\n\t\t\t\t<div\n\t\t\t\tdata-template='m-h'\n\t\t\t\tdata-post_type='card'\n\t\t\t\tdata-per_page='4'\n\t\t\t\tclass='deferred_container--preload container_card container_template--m-h container_count--1'\n\n\t\t\t\t\t\t\t\t\tdata-tag=\"card_id\"\n\t\t\t\t\t\t\tdata-post_ids=\"9306\"\n\t\t\t\t\t\t\tdata-utm=\"wpb\"\n\t\t\t\t\t\t\t>\n\t\t<div class=\"card\">\n\t<div class=\"card--grid\">\n\n\t\t<div class=\"card--img-outer\">\n\t\t\t<div class=\"card--img\">\n\t\t\t\t<div class=\"shimmer shimmer-card\"><\/div>\n\t\t\t<\/div>\n\t\t<\/div>\n\n\t\t<div class=\"card--title-offer-selling\">\n\t\t\t<div class=\"card--title-offer\">\n\t\t\t\t<div class=\"shimmer shimmer-bar\"><\/div>\n\t\t\t\t<div class=\"shimmer shimmer-bar\"><\/div>\n\t\t\t<\/div>\n\t\t\t<div class=\"card--selling-points\">\n\t\t\t\t<div class=\"shimmer shimmer-bar shimmer-bar--short\"><\/div>\n\t\t\t\t<div class=\"shimmer shimmer-bar shimmer-bar--short\"><\/div>\n\t\t\t\t<div class=\"shimmer shimmer-bar shimmer-bar--short\"><\/div>\n\t\t\t<\/div>\n\t\t<\/div>\n\n\t\t<div class=\"card--apply\">\n\t\t\t<div class=\"apply-btn\">\n\t\t\t\t<div class=\"shimmer shimmer-btn\"><\/div>\n\t\t\t<\/div>\n\t\t<\/div>\n\n\t<\/div>\n<\/div>\t\t<\/div>\n\n\t\t<\/aside>\n<h2 class=\"wp-block-heading\" id=\"questions_fr_quemment_pos_es\">Questions fr&eacute;quemment pos&eacute;es<\/h2>\n<aside class=\"component component__faq wp-block-milesgutenberg-faq\">\n\t\n<div class=\"component component__faq__item component__faq__item--opened wp-block-milesgutenberg-faq-item\">\n\t<div class=\"component__faq__item__title\">\n\t\t<h4 id=\"quand_le_salon_air_france_la_roport_international_de_miami_ouvrira-t-il_\" class=\"toc_exclude component__faq__item__title__heading\">\n\t\t\tQuand le salon Air France \u00e0 l&rsquo;a\u00e9roport international de Miami ouvrira-t-il&nbsp;?\t\t<\/h4>\n\t\t<i class=\"fas fa-chevron-down\"><\/i>\n\t<\/div>\n\t<div class=\"component__faq__item__content\">\n\t\t<div class=\"component__faq__item__content__inner\">\n\t\t\t\n\n<p>Selon les documents de l&rsquo;a\u00e9roport, Air France devrait commencer \u00e0 payer le loyer complet en mars 2028, sugg\u00e9rant que c&rsquo;est la p\u00e9riode d&rsquo;ouverture vis\u00e9e. Cependant, comme pour tout projet de construction majeur, ce calendrier pourrait changer. <\/p>\n\n\t\t<\/div>\n\t<\/div>\n<\/div>\n\n\n<div class=\"component component__faq__item component__faq__item--opened wp-block-milesgutenberg-faq-item\">\n\t<div class=\"component__faq__item__title\">\n\t\t<h4 id=\"o_sera_situ_le_salon_air_france_mia_\" class=\"toc_exclude component__faq__item__title__heading\">\n\t\t\tO\u00f9 sera situ\u00e9 le salon Air France \u00e0 MIA&nbsp;?\t\t<\/h4>\n\t\t<i class=\"fas fa-chevron-down\"><\/i>\n\t<\/div>\n\t<div class=\"component__faq__item__content\">\n\t\t<div class=\"component__faq__item__content__inner\">\n\t\t\t\n\n<p>Le salon sera situ\u00e9 dans le terminal H, au niveau trois (un niveau au-dessus du terminal), pr\u00e8s des portes H12 et H15. Il est reli\u00e9 c\u00f4t\u00e9 piste au terminal J, d&rsquo;o\u00f9 partent actuellement g\u00e9n\u00e9ralement les vols Air France. <\/p>\n\n\t\t<\/div>\n\t<\/div>\n<\/div>\n\n\n<div class=\"component component__faq__item component__faq__item--opened wp-block-milesgutenberg-faq-item\">\n\t<div class=\"component__faq__item__title\">\n\t\t<h4 id=\"le_salon_aura-t-il_une_section_premi_re_classe_\" class=\"toc_exclude component__faq__item__title__heading\">\n\t\t\tLe salon aura-t-il une section premi\u00e8re classe&nbsp;?\t\t<\/h4>\n\t\t<i class=\"fas fa-chevron-down\"><\/i>\n\t<\/div>\n\t<div class=\"component__faq__item__content\">\n\t\t<div class=\"component__faq__item__content__inner\">\n\t\t\t\n\n<p>Bien que ce ne soit pas officiellement confirm\u00e9, il est probable que le salon inclura une section La Premi\u00e8re (premi\u00e8re classe) d\u00e9di\u00e9e, car Miami est un a\u00e9roport qui re\u00e7oit r\u00e9guli\u00e8rement le service premi\u00e8re classe d&rsquo;Air France, et d&rsquo;autres salons Air France aux \u00c9tats-Unis desservant des routes premi\u00e8re classe ont des sections d\u00e9di\u00e9es.<\/p>\n\n\t\t<\/div>\n\t<\/div>\n<\/div>\n\n\n<div class=\"component component__faq__item component__faq__item--opened wp-block-milesgutenberg-faq-item\">\n\t<div class=\"component__faq__item__title\">\n\t\t<h4 id=\"quest-ce_qui_rend_ce_salon_unique_par_rapport_aux_autres_salons_de_mia_\" class=\"toc_exclude component__faq__item__title__heading\">\n\t\t\tQu&rsquo;est-ce qui rend ce salon unique par rapport aux autres salons de MIA&nbsp;?\t\t<\/h4>\n\t\t<i class=\"fas fa-chevron-down\"><\/i>\n\t<\/div>\n\t<div class=\"component__faq__item__content\">\n\t\t<div class=\"component__faq__item__content__inner\">\n\t\t\t\n\n<p>La caract\u00e9ristique la plus distinctive sera sa terrasse ext\u00e9rieure de 93 m\u00e8tres carr\u00e9s, qui sera la premi\u00e8re du genre \u00e0 l&rsquo;a\u00e9roport international de Miami. Le salon pr\u00e9sentera \u00e9galement probablement le design signature d&rsquo;Air France et des offres de nourriture et de boissons premium. <\/p>\n\n\t\t<\/div>\n\t<\/div>\n<\/div>\n\n\n<div class=\"component component__faq__item component__faq__item--opened wp-block-milesgutenberg-faq-item\">\n\t<div class=\"component__faq__item__title\">\n\t\t<h4 id=\"o_vont_actuellement_les_passagers_premium_dair_france_avant_leurs_vols_\" class=\"toc_exclude component__faq__item__title__heading\">\n\t\t\tO\u00f9 vont actuellement les passagers premium d&rsquo;Air France avant leurs vols&nbsp;?\t\t<\/h4>\n\t\t<i class=\"fas fa-chevron-down\"><\/i>\n\t<\/div>\n\t<div class=\"component__faq__item__content\">\n\t\t<div class=\"component__faq__item__content__inner\">\n\t\t\t\n\n<p>Actuellement, les passagers premium d&rsquo;Air France sont dirig\u00e9s vers le Delta Sky Club \u00e0 MIA, qui est souvent bond\u00e9 et n&rsquo;offre pas le m\u00eame niveau de service qu&rsquo;un salon Air France d\u00e9di\u00e9.<\/p>\n\n\t\t<\/div>\n\t<\/div>\n<\/div>\n\n\n<div class=\"component component__faq__item component__faq__item--opened wp-block-milesgutenberg-faq-item\">\n\t<div class=\"component__faq__item__title\">\n\t\t<h4 id=\"combien_air_france_investit-elle_dans_ce_salon_\" class=\"toc_exclude component__faq__item__title__heading\">\n\t\t\tCombien Air France investit-elle dans ce salon&nbsp;?\t\t<\/h4>\n\t\t<i class=\"fas fa-chevron-down\"><\/i>\n\t<\/div>\n\t<div class=\"component__faq__item__content\">\n\t\t<div class=\"component__faq__item__content__inner\">\n\t\t\t\n\n<p>Selon les documents de l&rsquo;a\u00e9roport, Air France investira environ 7 \u00e0 8 millions de dollars dans la construction de ce nouveau salon.<\/p>\n\n\t\t<\/div>\n\t<\/div>\n<\/div>\n\n<\/aside>","protected":false},"excerpt":{"rendered":"<p>Air France pr\u00e9voit un salon de 685 m\u00e8tres carr\u00e9s avec terrasse ext\u00e9rieure \u00e0 l&rsquo;a\u00e9roport international de Miami, dont l&rsquo;ouverture est pr\u00e9vue en 2028 apr\u00e8s un investissement de 7 \u00e0 8 millions de dollars.<\/p>","protected":false},"author":2,"featured_media":5854,"comment_status":"open","ping_status":"open","sticky":false,"template":"","format":"standard","meta":{"_acf_changed":false,"_relevanssi_hide_post":"","_relevanssi_hide_content":"","_relevanssi_pin_for_all":"","_relevanssi_pin_keywords":"","_relevanssi_unpin_keywords":"","_relevanssi_related_keywords":"","_relevanssi_related_include_ids":"","_relevanssi_related_exclude_ids":"","_relevanssi_related_no_append":"","_relevanssi_related_not_related":"","_relevanssi_related_posts":"","_relevanssi_noindex_reason":"","footnotes":""},"categories":[48],"tags":[],"mc_loyalty_program":[361],"class_list":["post-5876","post","type-post","status-publish","format-standard","has-post-thumbnail","hentry","category-actus","mc_loyalty_program-flying-blue-fr","airline-air-france"],"acf":[],"yoast_head":"<!-- This site is optimized with the Yoast SEO plugin v27.5 - https:\/\/yoast.com\/product\/yoast-seo-wordpress\/ -->\n<title>Air France pr\u00e9voit d\u2019ouvrir un nouveau salon avec terrasse ext\u00e9rieure \u00e0 l\u2019a\u00e9roport international de Miami | Milesopedia USA<\/title>\n<meta name=\"description\" content=\"Air France pr\u00e9voit un salon de 685 m\u00e8tres carr\u00e9s avec terrasse ext\u00e9rieure \u00e0 l&#039;a\u00e9roport international de Miami, dont l&#039;ouverture est pr\u00e9vue en 2028 apr\u00e8s un investissement de 7 \u00e0 8 millions de dollars.\" \/>\n<meta name=\"robots\" content=\"index, follow, max-snippet:-1, max-image-preview:large, max-video-preview:-1\" \/>\n<link rel=\"canonical\" href=\"https:\/\/milesopedia.us\/fr\/actus\/air-france-nouveau-salon-miami\/\" \/>\n<meta property=\"og:locale\" content=\"fr_FR\" \/>\n<meta property=\"og:type\" content=\"article\" \/>\n<meta property=\"og:title\" content=\"Air France pr\u00e9voit d&#039;ouvrir un nouveau salon avec terrasse ext\u00e9rieure \u00e0 l&#039;a\u00e9roport international de Miami | Milesopedia USA\" \/>\n<meta property=\"og:description\" content=\"Air France pr\u00e9voit un salon de 685 m\u00e8tres carr\u00e9s avec terrasse ext\u00e9rieure \u00e0 l&#039;a\u00e9roport international de Miami, dont l&#039;ouverture est pr\u00e9vue en 2028 apr\u00e8s un investissement de 7 \u00e0 8 millions de dollars.\" \/>\n<meta property=\"og:url\" content=\"https:\/\/milesopedia.us\/fr\/actus\/air-france-nouveau-salon-miami\/\" \/>\n<meta property=\"og:site_name\" content=\"Milesopedia USA\" \/>\n<meta property=\"article:publisher\" content=\"https:\/\/www.facebook.com\/milesopedia.usa\" \/>\n<meta property=\"article:published_time\" content=\"2025-12-16T23:07:40+00:00\" \/>\n<meta property=\"article:modified_time\" content=\"2026-01-26T13:49:34+00:00\" \/>\n<meta property=\"og:image\" content=\"https:\/\/milesopedia.us\/wp-content\/uploads\/2025\/09\/lounge_air_france_3.webp\" \/>\n\t<meta property=\"og:image:width\" content=\"1200\" \/>\n\t<meta property=\"og:image:height\" content=\"703\" \/>\n\t<meta property=\"og:image:type\" content=\"image\/webp\" \/>\n<meta name=\"author\" content=\"Jean-Maximilien Voisine\" \/>\n<meta name=\"twitter:card\" content=\"summary_large_image\" \/>\n<meta name=\"twitter:label1\" content=\"\u00c9crit par\" \/>\n\t<meta name=\"twitter:data1\" content=\"Jean-Maximilien Voisine\" \/>\n\t<meta name=\"twitter:label2\" content=\"Dur\u00e9e de lecture estim\u00e9e\" \/>\n\t<meta name=\"twitter:data2\" content=\"7 minutes\" \/>\n<script type=\"application\/ld+json\" class=\"yoast-schema-graph\">{\"@context\":\"https:\\\/\\\/schema.org\",\"@graph\":[{\"@type\":\"Article\",\"@id\":\"https:\\\/\\\/milesopedia.us\\\/fr\\\/actus\\\/air-france-nouveau-salon-miami\\\/#article\",\"isPartOf\":{\"@id\":\"https:\\\/\\\/milesopedia.us\\\/fr\\\/actus\\\/air-france-nouveau-salon-miami\\\/\"},\"author\":{\"name\":\"Jean-Maximilien Voisine\",\"@id\":\"https:\\\/\\\/milesopedia.us\\\/fr\\\/#\\\/schema\\\/person\\\/1e2439bbc22e8396dc6559ffcc3fbf2f\"},\"headline\":\"Air France pr\u00e9voit d&rsquo;ouvrir un nouveau salon avec terrasse ext\u00e9rieure \u00e0 l&rsquo;a\u00e9roport international de Miami\",\"datePublished\":\"2025-12-16T23:07:40+00:00\",\"dateModified\":\"2026-01-26T13:49:34+00:00\",\"mainEntityOfPage\":{\"@id\":\"https:\\\/\\\/milesopedia.us\\\/fr\\\/actus\\\/air-france-nouveau-salon-miami\\\/\"},\"wordCount\":1525,\"commentCount\":0,\"publisher\":{\"@id\":\"https:\\\/\\\/milesopedia.us\\\/fr\\\/#organization\"},\"image\":{\"@id\":\"https:\\\/\\\/milesopedia.us\\\/fr\\\/actus\\\/air-france-nouveau-salon-miami\\\/#primaryimage\"},\"thumbnailUrl\":\"https:\\\/\\\/milesopedia.us\\\/wp-content\\\/uploads\\\/2025\\\/09\\\/lounge_air_france_3.webp\",\"articleSection\":[\"Actualites\"],\"inLanguage\":\"fr-FR\",\"potentialAction\":[{\"@type\":\"CommentAction\",\"name\":\"Comment\",\"target\":[\"https:\\\/\\\/milesopedia.us\\\/fr\\\/actus\\\/air-france-nouveau-salon-miami\\\/#respond\"]}]},{\"@type\":\"WebPage\",\"@id\":\"https:\\\/\\\/milesopedia.us\\\/fr\\\/actus\\\/air-france-nouveau-salon-miami\\\/\",\"url\":\"https:\\\/\\\/milesopedia.us\\\/fr\\\/actus\\\/air-france-nouveau-salon-miami\\\/\",\"name\":\"Air France pr\u00e9voit d'ouvrir un nouveau salon avec terrasse ext\u00e9rieure \u00e0 l'a\u00e9roport international de Miami | Milesopedia USA\",\"isPartOf\":{\"@id\":\"https:\\\/\\\/milesopedia.us\\\/fr\\\/#website\"},\"primaryImageOfPage\":{\"@id\":\"https:\\\/\\\/milesopedia.us\\\/fr\\\/actus\\\/air-france-nouveau-salon-miami\\\/#primaryimage\"},\"image\":{\"@id\":\"https:\\\/\\\/milesopedia.us\\\/fr\\\/actus\\\/air-france-nouveau-salon-miami\\\/#primaryimage\"},\"thumbnailUrl\":\"https:\\\/\\\/milesopedia.us\\\/wp-content\\\/uploads\\\/2025\\\/09\\\/lounge_air_france_3.webp\",\"datePublished\":\"2025-12-16T23:07:40+00:00\",\"dateModified\":\"2026-01-26T13:49:34+00:00\",\"description\":\"Air France pr\u00e9voit un salon de 685 m\u00e8tres carr\u00e9s avec terrasse ext\u00e9rieure \u00e0 l'a\u00e9roport international de Miami, dont l'ouverture est pr\u00e9vue en 2028 apr\u00e8s un investissement de 7 \u00e0 8 millions de dollars.\",\"inLanguage\":\"fr-FR\",\"potentialAction\":[{\"@type\":\"ReadAction\",\"target\":[\"https:\\\/\\\/milesopedia.us\\\/fr\\\/actus\\\/air-france-nouveau-salon-miami\\\/\"]}]},{\"@type\":\"ImageObject\",\"inLanguage\":\"fr-FR\",\"@id\":\"https:\\\/\\\/milesopedia.us\\\/fr\\\/actus\\\/air-france-nouveau-salon-miami\\\/#primaryimage\",\"url\":\"https:\\\/\\\/milesopedia.us\\\/wp-content\\\/uploads\\\/2025\\\/09\\\/lounge_air_france_3.webp\",\"contentUrl\":\"https:\\\/\\\/milesopedia.us\\\/wp-content\\\/uploads\\\/2025\\\/09\\\/lounge_air_france_3.webp\",\"width\":1200,\"height\":703},{\"@type\":\"WebSite\",\"@id\":\"https:\\\/\\\/milesopedia.us\\\/fr\\\/#website\",\"url\":\"https:\\\/\\\/milesopedia.us\\\/fr\\\/\",\"name\":\"Milesopedia USA\",\"description\":\"Loyalty Programs &amp; Credit Cards\",\"publisher\":{\"@id\":\"https:\\\/\\\/milesopedia.us\\\/fr\\\/#organization\"},\"potentialAction\":[{\"@type\":\"SearchAction\",\"target\":{\"@type\":\"EntryPoint\",\"urlTemplate\":\"https:\\\/\\\/milesopedia.us\\\/fr\\\/?s={search_term_string}\"},\"query-input\":{\"@type\":\"PropertyValueSpecification\",\"valueRequired\":true,\"valueName\":\"search_term_string\"}}],\"inLanguage\":\"fr-FR\"},{\"@type\":\"Organization\",\"@id\":\"https:\\\/\\\/milesopedia.us\\\/fr\\\/#organization\",\"name\":\"Milesopedia \u00c9tats-Unis\",\"url\":\"https:\\\/\\\/milesopedia.us\\\/fr\\\/\",\"logo\":{\"@type\":\"ImageObject\",\"inLanguage\":\"fr-FR\",\"@id\":\"https:\\\/\\\/milesopedia.us\\\/fr\\\/#\\\/schema\\\/logo\\\/image\\\/\",\"url\":\"https:\\\/\\\/milesopedia.us\\\/wp-content\\\/uploads\\\/2025\\\/01\\\/Milesopedia-USA.png\",\"contentUrl\":\"https:\\\/\\\/milesopedia.us\\\/wp-content\\\/uploads\\\/2025\\\/01\\\/Milesopedia-USA.png\",\"width\":1024,\"height\":234,\"caption\":\"Milesopedia \u00c9tats-Unis\"},\"image\":{\"@id\":\"https:\\\/\\\/milesopedia.us\\\/fr\\\/#\\\/schema\\\/logo\\\/image\\\/\"},\"sameAs\":[\"https:\\\/\\\/www.facebook.com\\\/milesopedia.usa\",\"https:\\\/\\\/www.instagram.com\\\/milesopedia.usa\"]},{\"@type\":\"Person\",\"@id\":\"https:\\\/\\\/milesopedia.us\\\/fr\\\/#\\\/schema\\\/person\\\/1e2439bbc22e8396dc6559ffcc3fbf2f\",\"name\":\"Jean-Maximilien Voisine\",\"image\":{\"@type\":\"ImageObject\",\"inLanguage\":\"fr-FR\",\"@id\":\"https:\\\/\\\/secure.gravatar.com\\\/avatar\\\/47e154167614df581f4f4ac92b021f0886e067b69abb6cd8df87e4949f84bcc7?s=96&d=mm&r=g\",\"url\":\"https:\\\/\\\/secure.gravatar.com\\\/avatar\\\/47e154167614df581f4f4ac92b021f0886e067b69abb6cd8df87e4949f84bcc7?s=96&d=mm&r=g\",\"contentUrl\":\"https:\\\/\\\/secure.gravatar.com\\\/avatar\\\/47e154167614df581f4f4ac92b021f0886e067b69abb6cd8df87e4949f84bcc7?s=96&d=mm&r=g\",\"caption\":\"Jean-Maximilien Voisine\"},\"description\":\"Jean-Maximilien Voisine is the President and Founder of Milesopedia and a leading expert in rewards programs, credit cards, and travel across Canada, France, and the U.S.A. Now 40 years old and a father of two, he has explored more than 100 countries\u2014many of them alongside his wife Audrey and their children. Specializing in loyalty programs such as Aeroplan, American Express Membership Rewards, and Marriott Bonvoy, Jean-Maximilien helps travellers unlock the full potential of their points and benefits. His mission: empower others to travel better and smarter across North America and Europe.\",\"url\":\"https:\\\/\\\/milesopedia.us\\\/fr\\\/author\\\/jmvmilesopedia-com\\\/\"}]}<\/script>\n<!-- \/ Yoast SEO plugin. -->","yoast_head_json":{"title":"Air France pr\u00e9voit d\u2019ouvrir un nouveau salon avec terrasse ext\u00e9rieure \u00e0 l\u2019a\u00e9roport international de Miami | Milesopedia USA","description":"Air France pr\u00e9voit un salon de 685 m\u00e8tres carr\u00e9s avec terrasse ext\u00e9rieure \u00e0 l'a\u00e9roport international de Miami, dont l'ouverture est pr\u00e9vue en 2028 apr\u00e8s un investissement de 7 \u00e0 8 millions de dollars.","robots":{"index":"index","follow":"follow","max-snippet":"max-snippet:-1","max-image-preview":"max-image-preview:large","max-video-preview":"max-video-preview:-1"},"canonical":"https:\/\/milesopedia.us\/fr\/actus\/air-france-nouveau-salon-miami\/","og_locale":"fr_FR","og_type":"article","og_title":"Air France pr\u00e9voit d'ouvrir un nouveau salon avec terrasse ext\u00e9rieure \u00e0 l'a\u00e9roport international de Miami | Milesopedia USA","og_description":"Air France pr\u00e9voit un salon de 685 m\u00e8tres carr\u00e9s avec terrasse ext\u00e9rieure \u00e0 l'a\u00e9roport international de Miami, dont l'ouverture est pr\u00e9vue en 2028 apr\u00e8s un investissement de 7 \u00e0 8 millions de dollars.","og_url":"https:\/\/milesopedia.us\/fr\/actus\/air-france-nouveau-salon-miami\/","og_site_name":"Milesopedia USA","article_publisher":"https:\/\/www.facebook.com\/milesopedia.usa","article_published_time":"2025-12-16T23:07:40+00:00","article_modified_time":"2026-01-26T13:49:34+00:00","og_image":[{"width":1200,"height":703,"url":"https:\/\/milesopedia.us\/wp-content\/uploads\/2025\/09\/lounge_air_france_3.webp","type":"image\/webp"}],"author":"Jean-Maximilien Voisine","twitter_card":"summary_large_image","twitter_misc":{"\u00c9crit par":"Jean-Maximilien Voisine","Dur\u00e9e de lecture estim\u00e9e":"7 minutes"},"schema":{"@context":"https:\/\/schema.org","@graph":[{"@type":"Article","@id":"https:\/\/milesopedia.us\/fr\/actus\/air-france-nouveau-salon-miami\/#article","isPartOf":{"@id":"https:\/\/milesopedia.us\/fr\/actus\/air-france-nouveau-salon-miami\/"},"author":{"name":"Jean-Maximilien Voisine","@id":"https:\/\/milesopedia.us\/fr\/#\/schema\/person\/1e2439bbc22e8396dc6559ffcc3fbf2f"},"headline":"Air France pr\u00e9voit d&rsquo;ouvrir un nouveau salon avec terrasse ext\u00e9rieure \u00e0 l&rsquo;a\u00e9roport international de Miami","datePublished":"2025-12-16T23:07:40+00:00","dateModified":"2026-01-26T13:49:34+00:00","mainEntityOfPage":{"@id":"https:\/\/milesopedia.us\/fr\/actus\/air-france-nouveau-salon-miami\/"},"wordCount":1525,"commentCount":0,"publisher":{"@id":"https:\/\/milesopedia.us\/fr\/#organization"},"image":{"@id":"https:\/\/milesopedia.us\/fr\/actus\/air-france-nouveau-salon-miami\/#primaryimage"},"thumbnailUrl":"https:\/\/milesopedia.us\/wp-content\/uploads\/2025\/09\/lounge_air_france_3.webp","articleSection":["Actualites"],"inLanguage":"fr-FR","potentialAction":[{"@type":"CommentAction","name":"Comment","target":["https:\/\/milesopedia.us\/fr\/actus\/air-france-nouveau-salon-miami\/#respond"]}]},{"@type":"WebPage","@id":"https:\/\/milesopedia.us\/fr\/actus\/air-france-nouveau-salon-miami\/","url":"https:\/\/milesopedia.us\/fr\/actus\/air-france-nouveau-salon-miami\/","name":"Air France pr\u00e9voit d'ouvrir un nouveau salon avec terrasse ext\u00e9rieure \u00e0 l'a\u00e9roport international de Miami | Milesopedia USA","isPartOf":{"@id":"https:\/\/milesopedia.us\/fr\/#website"},"primaryImageOfPage":{"@id":"https:\/\/milesopedia.us\/fr\/actus\/air-france-nouveau-salon-miami\/#primaryimage"},"image":{"@id":"https:\/\/milesopedia.us\/fr\/actus\/air-france-nouveau-salon-miami\/#primaryimage"},"thumbnailUrl":"https:\/\/milesopedia.us\/wp-content\/uploads\/2025\/09\/lounge_air_france_3.webp","datePublished":"2025-12-16T23:07:40+00:00","dateModified":"2026-01-26T13:49:34+00:00","description":"Air France pr\u00e9voit un salon de 685 m\u00e8tres carr\u00e9s avec terrasse ext\u00e9rieure \u00e0 l'a\u00e9roport international de Miami, dont l'ouverture est pr\u00e9vue en 2028 apr\u00e8s un investissement de 7 \u00e0 8 millions de dollars.","inLanguage":"fr-FR","potentialAction":[{"@type":"ReadAction","target":["https:\/\/milesopedia.us\/fr\/actus\/air-france-nouveau-salon-miami\/"]}]},{"@type":"ImageObject","inLanguage":"fr-FR","@id":"https:\/\/milesopedia.us\/fr\/actus\/air-france-nouveau-salon-miami\/#primaryimage","url":"https:\/\/milesopedia.us\/wp-content\/uploads\/2025\/09\/lounge_air_france_3.webp","contentUrl":"https:\/\/milesopedia.us\/wp-content\/uploads\/2025\/09\/lounge_air_france_3.webp","width":1200,"height":703},{"@type":"WebSite","@id":"https:\/\/milesopedia.us\/fr\/#website","url":"https:\/\/milesopedia.us\/fr\/","name":"Milesopedia USA","description":"Loyalty Programs &amp; Credit Cards","publisher":{"@id":"https:\/\/milesopedia.us\/fr\/#organization"},"potentialAction":[{"@type":"SearchAction","target":{"@type":"EntryPoint","urlTemplate":"https:\/\/milesopedia.us\/fr\/?s={search_term_string}"},"query-input":{"@type":"PropertyValueSpecification","valueRequired":true,"valueName":"search_term_string"}}],"inLanguage":"fr-FR"},{"@type":"Organization","@id":"https:\/\/milesopedia.us\/fr\/#organization","name":"Milesopedia \u00c9tats-Unis","url":"https:\/\/milesopedia.us\/fr\/","logo":{"@type":"ImageObject","inLanguage":"fr-FR","@id":"https:\/\/milesopedia.us\/fr\/#\/schema\/logo\/image\/","url":"https:\/\/milesopedia.us\/wp-content\/uploads\/2025\/01\/Milesopedia-USA.png","contentUrl":"https:\/\/milesopedia.us\/wp-content\/uploads\/2025\/01\/Milesopedia-USA.png","width":1024,"height":234,"caption":"Milesopedia \u00c9tats-Unis"},"image":{"@id":"https:\/\/milesopedia.us\/fr\/#\/schema\/logo\/image\/"},"sameAs":["https:\/\/www.facebook.com\/milesopedia.usa","https:\/\/www.instagram.com\/milesopedia.usa"]},{"@type":"Person","@id":"https:\/\/milesopedia.us\/fr\/#\/schema\/person\/1e2439bbc22e8396dc6559ffcc3fbf2f","name":"Jean-Maximilien Voisine","image":{"@type":"ImageObject","inLanguage":"fr-FR","@id":"https:\/\/secure.gravatar.com\/avatar\/47e154167614df581f4f4ac92b021f0886e067b69abb6cd8df87e4949f84bcc7?s=96&d=mm&r=g","url":"https:\/\/secure.gravatar.com\/avatar\/47e154167614df581f4f4ac92b021f0886e067b69abb6cd8df87e4949f84bcc7?s=96&d=mm&r=g","contentUrl":"https:\/\/secure.gravatar.com\/avatar\/47e154167614df581f4f4ac92b021f0886e067b69abb6cd8df87e4949f84bcc7?s=96&d=mm&r=g","caption":"Jean-Maximilien Voisine"},"description":"Jean-Maximilien Voisine is the President and Founder of Milesopedia and a leading expert in rewards programs, credit cards, and travel across Canada, France, and the U.S.A. Now 40 years old and a father of two, he has explored more than 100 countries\u2014many of them alongside his wife Audrey and their children. Specializing in loyalty programs such as Aeroplan, American Express Membership Rewards, and Marriott Bonvoy, Jean-Maximilien helps travellers unlock the full potential of their points and benefits. His mission: empower others to travel better and smarter across North America and Europe.","url":"https:\/\/milesopedia.us\/fr\/author\/jmvmilesopedia-com\/"}]}},"_links":{"self":[{"href":"https:\/\/milesopedia.us\/fr\/wp-json\/wp\/v2\/posts\/5876","targetHints":{"allow":["GET"]}}],"collection":[{"href":"https:\/\/milesopedia.us\/fr\/wp-json\/wp\/v2\/posts"}],"about":[{"href":"https:\/\/milesopedia.us\/fr\/wp-json\/wp\/v2\/types\/post"}],"author":[{"embeddable":true,"href":"https:\/\/milesopedia.us\/fr\/wp-json\/wp\/v2\/users\/2"}],"replies":[{"embeddable":true,"href":"https:\/\/milesopedia.us\/fr\/wp-json\/wp\/v2\/comments?post=5876"}],"version-history":[{"count":7,"href":"https:\/\/milesopedia.us\/fr\/wp-json\/wp\/v2\/posts\/5876\/revisions"}],"predecessor-version":[{"id":8912,"href":"https:\/\/milesopedia.us\/fr\/wp-json\/wp\/v2\/posts\/5876\/revisions\/8912"}],"wp:featuredmedia":[{"embeddable":true,"href":"https:\/\/milesopedia.us\/fr\/wp-json\/wp\/v2\/media\/5854"}],"wp:attachment":[{"href":"https:\/\/milesopedia.us\/fr\/wp-json\/wp\/v2\/media?parent=5876"}],"wp:term":[{"taxonomy":"category","embeddable":true,"href":"https:\/\/milesopedia.us\/fr\/wp-json\/wp\/v2\/categories?post=5876"},{"taxonomy":"post_tag","embeddable":true,"href":"https:\/\/milesopedia.us\/fr\/wp-json\/wp\/v2\/tags?post=5876"},{"taxonomy":"mc_loyalty_program","embeddable":true,"href":"https:\/\/milesopedia.us\/fr\/wp-json\/wp\/v2\/mc_loyalty_program?post=5876"}],"curies":[{"name":"wp","href":"https:\/\/api.w.org\/{rel}","templated":true}]}}