{"id":9422,"date":"2026-01-26T08:44:31","date_gmt":"2026-01-26T13:44:31","guid":{"rendered":"https:\/\/milesopedia.us\/?p=9422"},"modified":"2026-01-26T08:49:36","modified_gmt":"2026-01-26T13:49:36","slug":"air-france-cannes-film-lions-festival-flights","status":"publish","type":"post","link":"https:\/\/milesopedia.us\/fr\/actus\/air-france-cannes-film-lions-festival-flights\/","title":{"rendered":"Air France lance des vols directs Los Angeles et New York vers Nice pour les festivals de Cannes 2026"},"content":{"rendered":"\n<p><a class=\"thirstylink\" title=\"Air France\" href=\"https:\/\/milesopedia.us\/go\/air-france\/\" data-shortcode=\"true\" target=\"_blank\">Air France<\/a> \u00e9tend son service saisonnier \u00e0 la C\u00f4te d&rsquo;Azur avec des vols directs sp\u00e9ciaux de Los Angeles et de New York \u00e0 Nice pour le <a href=\"https:\/\/www.festival-cannes.com\/\" target=\"_blank\">Festival de Cannes 2026<\/a> et le <a href=\"https:\/\/www.canneslions.com\/\" target=\"_blank\">Festival Cannes Lions<\/a>. Ces liaisons exclusives proposeront la nouvelle <a href=\"https:\/\/milesopedia.fr\/guides\/la-premiere-air-france\/\" target=\"_blank\">cabine La Premi\u00e8re<\/a> de la compagnie a\u00e9rienne, offrant aux voyageurs une exp\u00e9rience ultra-luxe vers l&rsquo;une des destinations les plus glamour d&rsquo;Europe.<\/p>\n\n<p>En tant que partenaire du Festival de Cannes depuis 46 ans, <a class=\"thirstylink\" title=\"Air France\" href=\"https:\/\/milesopedia.us\/fr\/go\/air-france\/\" data-shortcode=\"true\">Air France<\/a> poursuit son engagement \u00e0 relier Hollywood et la communaut\u00e9 cr\u00e9ative internationale \u00e0 la C\u00f4te d&rsquo;Azur pendant la saison des festivals.<\/p>\n<h2 class=\"wp-block-heading\" id=\"horaires_et_itin_raires_des_vols\">Horaires et itin&eacute;raires des vols<\/h2>\n<h3 class=\"wp-block-heading\" id=\"los_angeles_nice_festival_de_cannes_\">Los Angeles &agrave; Nice (Festival de Cannes)<\/h3>\n\n<p><a class=\"thirstylink\" title=\"Air France\" href=\"https:\/\/milesopedia.us\/fr\/go\/air-france\/\" data-shortcode=\"true\">Air France<\/a> assurera des vols sp\u00e9ciaux co\u00efncidant avec le <a href=\"https:\/\/www.festival-cannes.com\/\" target=\"_blank\">79e Festival de Cannes<\/a> (12-23 mai 2026)&nbsp;:<\/p>\n\n<div class=\"component component__table\"><figure class=\"wp-block-table\"><table class=\"has-fixed-layout\"><thead><tr><th>Date<\/th><th>Vol<\/th><th>Itin\u00e9raire<\/th><th>D\u00e9part<\/th><th>Arriv\u00e9e<\/th><\/tr><\/thead><tbody><tr><td>11 mai 2026<\/td><td>AF041<\/td><td>LAX \u2192 NCE<\/td><td>14 h 00<\/td><td>10 h 35 +1<\/td><\/tr><tr><td>25 mai 2026<\/td><td>AF040<\/td><td>NCE \u2192 LAX<\/td><td>13 h 15<\/td><td>16 h 30<\/td><\/tr><\/tbody><\/table><\/figure><\/div>\n\n<p>Co\u00fbt du vol de Los Angeles \u00e0 Nice avec les miles <a href=\"https:\/\/milesopedia.us\/fr\/programme-fidelite\/flying-blue\/\" type=\"card_reward\" id=\"819\">Flying Blue<\/a>\u00a0:<\/p>\n\n<div class=\"component component__list\"><ul class=\"wp-block-list\">\n<li>Classe \u00e9conomique&nbsp;: 86\u202f500 Miles<\/li>\n\n\n\n<li>Premium\u00a0: 295\u202f000\u00a0Miles<\/li>\n\n\n\n<li>Affaires\u00a0: 627\u202f000\u00a0Miles<\/li>\n<\/ul><\/div>\n<figure class=\"component component__image has-text-align-center wp-block-milesgutenberg-image\">\n\t\t\t\t<img decoding=\"async\" class=\"miles_img img-large\" src=\"https:\/\/milesopedia.us\/wp-content\/uploads\/2026\/01\/lax-nce-flying-blue-cannes-film-festival-1024x481.jpg\" alt=\"Screenshot\" loading=\"lazy\" width=\"1012\" height=\"475\">\n\t\t\t<\/figure>\n\n<p>Co\u00fbt du vol de Los Angeles \u00e0 Nice avec les miles <a href=\"https:\/\/milesopedia.us\/fr\/programme-fidelite\/flying-blue\/\" type=\"card_reward\" id=\"819\">Flying Blue<\/a>\u00a0:<\/p>\n\n<div class=\"component component__list\"><ul class=\"wp-block-list\">\n<li>Classe \u00e9conomique&nbsp;: 87\u202f000 Miles<\/li>\n\n\n\n<li>Premium\u00a0: 296\u202f500\u00a0Miles<\/li>\n\n\n\n<li>Affaires\u00a0: 630\u202f500\u00a0Miles<\/li>\n<\/ul><\/div>\n<figure class=\"component component__image has-text-align-center wp-block-milesgutenberg-image\">\n\t\t\t\t<img decoding=\"async\" class=\"miles_img img-large\" src=\"https:\/\/milesopedia.us\/wp-content\/uploads\/2026\/01\/nce-lax-flying-blue-cannes-film-festival-1024x481.jpg\" alt=\"Screenshot\" loading=\"lazy\" width=\"1012\" height=\"475\">\n\t\t\t<\/figure>\n<h3 class=\"wp-block-heading\" id=\"new_york_nice_festival_des_lions_de_cannes_\">New York &agrave; Nice (Festival des Lions de Cannes)<\/h3>\n\n<p>Pour le <a href=\"https:\/\/www.canneslions.com\/\" target=\"_blank\">Festival des Lions de Cannes<\/a> (22-26 juin 2026), <a class=\"thirstylink\" title=\"Air France\" href=\"https:\/\/milesopedia.us\/fr\/go\/air-france\/\" data-shortcode=\"true\">Air France<\/a> assurera des vols au d\u00e9part de New York-JFK\u00a0:<\/p>\n\n<div class=\"component component__table\"><figure class=\"wp-block-table\"><table class=\"has-fixed-layout\"><thead><tr><th>Date<\/th><th>Vol<\/th><th>Itin\u00e9raire<\/th><th>D\u00e9part<\/th><th>Arriv\u00e9e<\/th><\/tr><\/thead><tbody><tr><td>20 juin 2026<\/td><td>AF043<\/td><td>JFK \u2192 NCE<\/td><td>16 h 30<\/td><td>10 h 35 +1<\/td><\/tr><tr><td>21 juin 2026<\/td><td>AF043<\/td><td>JFK \u2192 NCE<\/td><td>16 h 30<\/td><td>10 h 35 +1<\/td><\/tr><tr><td>25 juin 2026<\/td><td>AF042<\/td><td>NCE \u2192 JFK<\/td><td>12 h 00<\/td><td>15 h 00<\/td><\/tr><tr><td>26 juin 2026<\/td><td>AF042<\/td><td>NCE \u2192 JFK<\/td><td>12 h 00<\/td><td>15 h 00<\/td><\/tr><\/tbody><\/table><\/figure><\/div>\n<figure class=\"component component__image has-text-align-center wp-block-milesgutenberg-image\">\n\t\t\t\t<img decoding=\"async\" class=\"miles_img img-large\" src=\"https:\/\/milesopedia.us\/wp-content\/uploads\/2026\/01\/12-La-Premiere-\u00a9Air-France-1024x683-1.jpg\" alt=\"12-La-Premiere-\u00a9Air-France-1024&#215;683\" loading=\"lazy\" width=\"1012\" height=\"675\">\n\t\t\t<\/figure>\n<h2 class=\"wp-block-heading\" id=\"caract_ristiques_de_lappareil_et_de_la_cabine\">Caract&eacute;ristiques de l&rsquo;appareil et de la cabine<\/h2>\n\n<p>Tous les vols sp\u00e9ciaux seront assur\u00e9s par des Boeing 777-300ER \u00e9quip\u00e9s de la nouvelle cabine r\u00e9volutionnaire La Premi\u00e8re d&rsquo;Air France, qui repr\u00e9sente le summum du voyage a\u00e9rien de luxe.<\/p>\n<h3 class=\"wp-block-heading\" id=\"la_premi_re_la_nouvelle_suite_ultra-luxe_dair_france\">La Premi&egrave;re&nbsp;: la nouvelle suite ultra-luxe d&rsquo;Air France<\/h3>\n\n<p>La nouvelle cabine La Premi\u00e8re repr\u00e9sente une refonte compl\u00e8te du voyage en premi\u00e8re classe\u00a0:<\/p>\n\n<div class=\"component component__list checkmarks\"><ul class=\"wp-block-list is-style-checkmarks\">\n<li><strong>Conception de suite priv\u00e9e\u00a0:<\/strong> Cabine enti\u00e8rement ferm\u00e9e avec cinq fen\u00eatres et un rideau du sol au plafond<\/li>\n\n\n\n<li><strong>Si\u00e8ges flexibles\u00a0:<\/strong> Concept modulaire avec si\u00e8ge, lit de jour et lit enti\u00e8rement plat de 2\u00a0m\u00e8tres<\/li>\n\n\n\n<li><strong>Divertissement haut de gamme\u00a0:<\/strong> Deux \u00e9crans\u00a04K de 32\u00a0pouces et une tablette \u00e0 \u00e9cran tactile<\/li>\n\n\n\n<li><strong>Connectivit\u00e9 moderne\u00a0:<\/strong> Prises universelles et capacit\u00e9s de recharge sans fil<\/li>\n\n\n\n<li><strong>Intimit\u00e9 totale\u00a0:<\/strong> Conception de cocon individuel pour un confort et une exclusivit\u00e9 maximums<\/li>\n<\/ul><\/div>\n<figure class=\"component component__image has-text-align-center wp-block-milesgutenberg-image\">\n\t\t\t\t<img decoding=\"async\" class=\"miles_img img-large\" src=\"https:\/\/milesopedia.us\/wp-content\/uploads\/2026\/01\/1-La-Premiere-\u00a9Air-France-1024x683-1.jpg\" alt=\"1-La-Premiere-\u00a9Air-France-1024&#215;683\" loading=\"lazy\" width=\"1012\" height=\"675\">\n\t\t\t<\/figure>\n<h2 class=\"wp-block-heading\" id=\"expansion_du_r_seau_la_premi_re\">Expansion du r&eacute;seau La Premi&egrave;re<\/h2>\n\n<p>\u00c0 partir de l&rsquo;\u00e9t\u00e9\u00a02026, la nouvelle cabine La Premi\u00e8re sera disponible sur les vols au d\u00e9part de Paris-Charles de Gaulle vers un vaste r\u00e9seau de destinations\u00a0:<\/p>\n<h3 class=\"wp-block-heading\" id=\"destinations_la_premi_re_au_d_part_de_paris-cdg\">Destinations La Premi&egrave;re au d&eacute;part de Paris-CDG<\/h3>\n\n<div class=\"component component__list checkmarks\"><ul class=\"wp-block-list is-style-checkmarks\">\n<li><strong>Am\u00e9rique du Nord\u00a0:<\/strong> Atlanta, Boston, Houston, Los Angeles, Miami, New York-JFK, San Francisco, Washington D.C.<\/li>\n\n\n\n<li><strong>Am\u00e9rique du Sud\u00a0:<\/strong> S\u00e3o Paulo<\/li>\n\n\n\n<li><strong>Asie-Pacifique\u00a0:<\/strong> Singapour, Tokyo-Haneda<\/li>\n\n\n\n<li><strong>Moyen-Orient\u00a0:<\/strong> Duba\u00ef, Tel Aviv<\/li>\n\n\n\n<li><strong>Afrique\u00a0:<\/strong> Abidjan<\/li>\n<\/ul><\/div>\n<h3 class=\"wp-block-heading\" id=\"calendrier_de_d_ploiement\">Calendrier de d&eacute;ploiement<\/h3>\n\n<div class=\"component component__list\"><ul class=\"wp-block-list\">\n<li><strong>Juillet\u00a02026\u00a0:<\/strong> Tous les vols vers New York-JFK et Los Angeles seront \u00e9quip\u00e9s des nouvelles suites La Premi\u00e8re<\/li>\n\n\n\n<li><strong>Fin\u00a02026\u00a0:<\/strong> L&rsquo;ensemble du r\u00e9seau La Premi\u00e8re sera \u00e9quip\u00e9 de nouvelles cabines<\/li>\n<\/ul><\/div>\n<figure class=\"component component__image has-text-align-center wp-block-milesgutenberg-image\">\n\t\t\t\t<img decoding=\"async\" class=\"miles_img img-large\" src=\"https:\/\/milesopedia.us\/wp-content\/uploads\/2025\/09\/16-Transfert-prive-La-Premiere-Air-France.jpg\" alt=\"16-Transfert-prive-La-Premiere-Air-France\" loading=\"lazy\" width=\"1012\" height=\"675\">\n\t\t\t<\/figure>\n<h2 class=\"wp-block-heading\" id=\"lh_ritage_cin_matographique_dair_france\">L&rsquo;h&eacute;ritage cin&eacute;matographique d&rsquo;Air France<\/h2>\n\n<p><a class=\"thirstylink\" title=\"Air France\" href=\"https:\/\/milesopedia.us\/go\/air-france\/\" data-shortcode=\"true\" target=\"_blank\">Air France<\/a>&lsquo;s partnership with the Cannes Film Festival spans 46 years, making it one of the longest-running airline partnerships in the entertainment industry. The airline&rsquo;s connection to cinema runs deep, dating back to 1951 when the first movie, \u00ab\u00a0An American in Paris,\u00a0\u00bb was shown aboard a Constellation aircraft flying from New York to Paris.<\/p>\n<h3 class=\"wp-block-heading\" id=\"excellence_en_mati_re_de_divertissement_en_vol\">Excellence en mati&egrave;re de divertissement en vol<\/h3>\n\n<p><a class=\"thirstylink\" title=\"Air France\" href=\"https:\/\/milesopedia.us\/go\/air-france\/\" data-shortcode=\"true\" target=\"_blank\">Air France<\/a>&lsquo;s commitment to cinema extends throughout its fleet:<\/p>\n\n<div class=\"component component__list checkmarks\"><ul class=\"wp-block-list is-style-checkmarks\">\n<li><strong>Vaste biblioth\u00e8que\u00a0:<\/strong> 1\u00a0500\u00a0heures de divertissement en vol<\/li>\n\n\n\n<li><strong>Accent sur le cin\u00e9ma fran\u00e7ais\u00a0:<\/strong> Large s\u00e9lection de films fran\u00e7ais et de laur\u00e9ats du Festival de Cannes<\/li>\n\n\n\n<li><strong>Partenariats haut de gamme\u00a0:<\/strong> Partenariats de contenu avec Canal+ et Apple\u00a0TV<\/li>\n\n\n\n<li><strong>Versions originales\u00a0:<\/strong> Films disponibles dans leur langue originale<\/li>\n\n\n\n<li><strong>Diversit\u00e9 culturelle\u00a0:<\/strong> Contenu adapt\u00e9 aux pr\u00e9f\u00e9rences des passagers internationaux<\/li>\n<\/ul><\/div>\n<h2 class=\"wp-block-heading\" id=\"importance_strat_gique_pour_air_france\">Importance strat&eacute;gique pour Air France<\/h2>\n\n<p>These special festival flights represent more than seasonal service\u2014they showcase <a class=\"thirstylink\" title=\"Air France\" href=\"https:\/\/milesopedia.us\/go\/air-france\/\" data-shortcode=\"true\" target=\"_blank\">Air France<\/a>&lsquo;s positioning as the luxury carrier of choice for high-profile international events:<\/p>\n\n<div class=\"component component__list checkmarks\"><ul class=\"wp-block-list is-style-checkmarks\">\n<li><strong>Positionnement sur le march\u00e9 haut de gamme\u00a0:<\/strong> Cibler les professionnels de l&rsquo;industrie du divertissement et les voyageurs de luxe<\/li>\n\n\n\n<li><strong>Vitrine La Premi\u00e8re\u00a0:<\/strong> Pr\u00e9sentation du nouveau produit de premi\u00e8re classe sur des itin\u00e9raires \u00e0 forte visibilit\u00e9<\/li>\n\n\n\n<li><strong>Lien culturel\u00a0:<\/strong> Renforcer les liens culturels fran\u00e7ais avec les communaut\u00e9s cr\u00e9atives internationales<\/li>\n\n\n\n<li><strong>Expansion du r\u00e9seau\u00a0:<\/strong> Tester la demande pour un service direct \u00c9tats-Unis-Nice<\/li>\n<\/ul><\/div>\n<h2 class=\"wp-block-heading\" id=\"cons_quences_pour_les_voyageurs\">Cons&eacute;quences pour les voyageurs<\/h2>\n<h3 class=\"wp-block-heading\" id=\"avantages_du_service_direct\">Avantages du service direct<\/h3>\n\n<div class=\"component component__list checkmarks\"><ul class=\"wp-block-list is-style-checkmarks\">\n<li><strong>Gain de temps\u00a0:<\/strong> \u00c9limine le temps de correspondance via Paris-CDG<\/li>\n\n\n\n<li><strong>Commodit\u00e9\u00a0:<\/strong> Acc\u00e8s direct \u00e0 la C\u00f4te d&rsquo;Azur sans correspondances europ\u00e9ennes<\/li>\n\n\n\n<li><strong>Exp\u00e9rience de luxe\u00a0:<\/strong> Acc\u00e8s \u00e0 la nouvelle cabine La Premi\u00e8re sur les itin\u00e9raires des festivals<\/li>\n\n\n\n<li><strong>Dates des festivals\u00a0:<\/strong> Arriv\u00e9es et d\u00e9parts parfaitement synchronis\u00e9s pour les deux \u00e9v\u00e9nements<\/li>\n<\/ul><\/div>\n<h3 class=\"wp-block-heading\" id=\"_l_ments_prendre_en_compte_lors_de_la_r_servation\">&Eacute;l&eacute;ments &agrave; prendre en compte lors de la r&eacute;servation<\/h3>\n\n<div class=\"component component__list red-cross\"><ul class=\"wp-block-list is-style-red-cross\">\n<li><strong>Disponibilit\u00e9 limit\u00e9e\u00a0:<\/strong> Les vols sp\u00e9ciaux ne sont assur\u00e9s que pendant les p\u00e9riodes de festival<\/li>\n\n\n\n<li><strong>Prix \u00e9lev\u00e9s attendus\u00a0:<\/strong> Le service La Premi\u00e8re est susceptible d&rsquo;afficher des tarifs \u00e9lev\u00e9s<\/li>\n\n\n\n<li><strong>Forte demande\u00a0:<\/strong> Les voyages de l&rsquo;industrie du divertissement cr\u00e9ent une concurrence pour les si\u00e8ges<\/li>\n\n\n\n<li><strong>R\u00e9servation anticip\u00e9e recommand\u00e9e\u00a0:<\/strong> La fr\u00e9quence limit\u00e9e des vols n\u00e9cessite une planification pr\u00e9coce<\/li>\n<\/ul><\/div>\n<h2 class=\"wp-block-heading\" id=\"impact_sur_le_tourisme_de_la_c_te_dazur\">Impact sur le tourisme de la C&ocirc;te d&rsquo;Azur<\/h2>\n\n<p>Ces vols directs offrent des avantages consid\u00e9rables pour le tourisme de la C\u00f4te d&rsquo;Azur\u00a0:<\/p>\n\n<div class=\"component component__list checkmarks\"><ul class=\"wp-block-list is-style-checkmarks\">\n<li><strong>Accessibilit\u00e9 accrue\u00a0:<\/strong> Les liaisons directes avec les \u00c9tats-Unis rendent la r\u00e9gion plus attrayante pour les voyageurs am\u00e9ricains<\/li>\n\n\n\n<li><strong>Saison prolong\u00e9e\u00a0:<\/strong> Les vols de mai et juin prolongent la saison estivale traditionnelle<\/li>\n\n\n\n<li><strong>Positionnement haut de gamme\u00a0:<\/strong> Le service La Premi\u00e8re attire les voyageurs de luxe \u00e0 fort pouvoir d&rsquo;achat<\/li>\n\n\n\n<li><strong>Synergie \u00e9v\u00e9nementielle\u00a0:<\/strong> Combine le transport avec des \u00e9v\u00e9nements culturels de renomm\u00e9e mondiale<\/li>\n<\/ul><\/div>\n<h2 class=\"wp-block-heading\" id=\"optimisez_votre_voyage_cannes_avec_la_carte_de_cr_dit_air_france_klm\">Optimisez votre voyage &agrave; Cannes avec la carte de cr&eacute;dit Air France KLM<\/h2>\n\n<p>Ces vols sp\u00e9ciaux pour les festivals repr\u00e9sentent une excellente occasion de maximiser la valeur avec la <a href=\"https:\/\/milesopedia.us\/credit-cards\/air-france-klm-world-elite-mastercard\/\">carte Air France KLM Visa Signature<\/a> r\u00e9cemment am\u00e9lior\u00e9e. Les am\u00e9liorations apport\u00e9es \u00e0 la carte la rendent particuli\u00e8rement int\u00e9ressante pour les voyageurs qui pr\u00e9voient des voyages de luxe \u00e0 des \u00e9v\u00e9nements tels que les festivals de Cannes.<\/p>\n<aside class=\"component component__deferred_contents wp-block-milesgutenberg-deferred-contents\">\n\t\t\t\t<div\n\t\t\t\tdata-template='s-h'\n\t\t\t\tdata-post_type='post'\n\t\t\t\tdata-per_page='4'\n\t\t\t\tclass='deferred_container--preload container_post container_template--s-h container_count--1'\n\n\t\t\t\t\t\t\t\t\tdata-tag=\"post_id\"\n\t\t\t\t\t\t\tdata-post_ids=\"5204\"\n\t\t\t\t\t\t\t>\n\t\t<article class=\"post-preview\">\n\t<div class=\"post-preview-thumbnail\">\n\t\t<div class=\"shimmer shimmer-image\"><\/div>\n\t<\/div>\n\t<div class=\"post-preview-content\">\n\t\t<div class=\"simmer-bar-group\">\n\t\t\t<div class=\"shimmer shimmer-bar\"><\/div>\n\t\t\t<div class=\"shimmer shimmer-bar\"><\/div>\n\t\t<\/div>\n\t<\/div>\n<\/article>\t\t<\/div>\n\n\t\t<\/aside>\n<h3 class=\"wp-block-heading\" id=\"avantages_am_lior_s_de_la_carte_pour_les_voyages_haut_de_gamme\">Avantages am&eacute;lior&eacute;s de la carte pour les voyages haut de gamme<\/h3>\n\n<p>Les <a href=\"https:\/\/milesopedia.us\/fr\/actus\/nouvelle-carte-credit-air-france-klm-flying-blue-statut-avantages\/\" type=\"post\" id=\"9376\">r\u00e9centes am\u00e9liorations de la carte Air France KLM Visa Signature<\/a> s&rsquo;alignent parfaitement sur les voyages de luxe pour les festivals&nbsp;:<\/p>\n\n<div class=\"component component__list checkmarks\"><ul class=\"wp-block-list is-style-checkmarks\">\n<li><strong>Prime de bienvenue\u00a0:<\/strong> 70\u00a0000\u00a0miles Flying Blue + 100\u00a0XP apr\u00e8s 3\u00a0000\u00a0$ de d\u00e9penses en 90\u00a0jours<\/li>\n\n\n\n<li><strong>Gains am\u00e9lior\u00e9s\u00a0:<\/strong> 3x\u00a0miles sur les vols Air France et les repas (parfait pour les restaurants de Cannes)<\/li>\n\n\n\n<li><strong>Acc\u00e9l\u00e9ration du statut\u00a0:<\/strong> Jusqu&rsquo;\u00e0 160\u00a0XP par an gr\u00e2ce aux d\u00e9penses avec la carte<\/li>\n\n\n\n<li><strong>Aucun frais \u00e0 l&rsquo;\u00e9tranger\u00a0:<\/strong> Id\u00e9al pour les d\u00e9penses en Europe pendant les voyages pour les festivals<\/li>\n\n\n\n<li><strong>Frais annuels de 89\u00a0$\u00a0:<\/strong> Facilement compens\u00e9s par 5\u00a0000\u00a0miles de prime annuels<\/li>\n<\/ul><\/div>\n<aside class=\"component component__deferred_contents wp-block-milesgutenberg-deferred-contents\">\n\t\t\t\t<div\n\t\t\t\tdata-template='s-h'\n\t\t\t\tdata-post_type='post'\n\t\t\t\tdata-per_page='4'\n\t\t\t\tclass='deferred_container--preload container_post container_template--s-h container_count--1'\n\n\t\t\t\t\t\t\t\t\tdata-tag=\"post_id\"\n\t\t\t\t\t\t\tdata-post_ids=\"9385\"\n\t\t\t\t\t\t\t>\n\t\t<article class=\"post-preview\">\n\t<div class=\"post-preview-thumbnail\">\n\t\t<div class=\"shimmer shimmer-image\"><\/div>\n\t<\/div>\n\t<div class=\"post-preview-content\">\n\t\t<div class=\"simmer-bar-group\">\n\t\t\t<div class=\"shimmer shimmer-bar\"><\/div>\n\t\t\t<div class=\"shimmer shimmer-bar\"><\/div>\n\t\t<\/div>\n\t<\/div>\n<\/article>\t\t<\/div>\n\n\t\t<\/aside>\n<h3 class=\"wp-block-heading\" id=\"valeur_strat_gique_pour_les_voyages_pour_les_festivals\">Valeur strat&eacute;gique pour les voyages pour les festivals<\/h3>\n\n<p>Les avantages de la carte offrent une valeur particuli\u00e8re pour les voyages haut de gamme pour les festivals\u00a0:<\/p>\n\n<div class=\"component component__list checkmarks\"><ul class=\"wp-block-list is-style-checkmarks\">\n<li><strong>Acc\u00e8s \u00e0 la cabine haut de gamme\u00a0:<\/strong> Le statut Flying Blue Platinum (accessible via les XP de la carte) est requis pour la disponibilit\u00e9 des primes de premi\u00e8re classe Air France<\/li>\n\n\n\n<li><strong>Avantages du salon\u00a0:<\/strong> Le statut \u00c9lite donne acc\u00e8s aux salons Air France \u00e0 LAX, JFK et Nice<\/li>\n\n\n\n<li><strong>\u00c9changes de primes\u00a0:<\/strong> Les miles peuvent compenser le co\u00fbt \u00e9lev\u00e9 des billets en cabine haut de gamme pendant les p\u00e9riodes de festival<\/li>\n\n\n\n<li><strong>R\u00e9compenses de repas\u00a0:<\/strong> 3x\u00a0miles dans la sc\u00e8ne gastronomique renomm\u00e9e de Cannes<\/li>\n<\/ul><\/div>\n<aside class=\"component component__deferred_contents wp-block-milesgutenberg-deferred-contents\">\n\t\t\t\t\t\t\t<h3 id=\"carte_de_cr_dit_air_france_klm_visa_signature_\">Carte de cr&eacute;dit Air France KLM Visa Signature&reg;<\/h3>\n\t\t\t\t<p><strong>D\u00e9bloquez les r\u00e9compenses de l\u2019alliance SkyTeam avec la carte Air France KLM Visa Signature<sup>&reg;<\/sup><\/strong><\/p>\n<p>Offre en ligne \u00e0 dur\u00e9e limit\u00e9e\u00a0: Obtenez <strong>70\u00a0000\u00a0miles bonus + 100\u00a0Points d\u2019exp\u00e9rience (XP)<\/strong> apr\u00e8s avoir effectu\u00e9 des achats d\u2019un montant de 3\u00a0000\u00a0$ ou plus au cours des 90\u00a0premiers jours suivant l\u2019ouverture de votre compte!<\/p>\n<p>La carte Air France KLM Visa Signature<sup>&reg;<\/sup> offre une valeur exceptionnelle aux voyageurs gr\u00e2ce \u00e0 l\u2019acc\u00e8s \u00e0 <strong>plus de 1\u00a0000\u00a0destinations dans le monde<\/strong> par l\u2019interm\u00e9diaire des compagnies a\u00e9riennes membres de SkyTeam. Avec des frais annuels peu \u00e9lev\u00e9s de 89\u00a0$, cette carte offre\u00a0:<\/p>\n<ul>\n<li><strong>3\u00a0miles par dollar d\u00e9pens\u00e9<\/strong> sur les achats admissibles aupr\u00e8s des compagnies a\u00e9riennes membres de SkyTeam<\/li>\n<li><strong>3\u00a0miles par dollar d\u00e9pens\u00e9<\/strong> sur les achats admissibles au restaurant<\/li>\n<li><strong>1,5\u00a0mile par dollar d\u00e9pens\u00e9<\/strong> sur les achats courants<\/li>\n<li><strong>5\u00a0000\u00a0miles bonus<\/strong> par ann\u00e9e apr\u00e8s avoir d\u00e9pens\u00e9 50\u00a0$ ou plus<\/li>\n<\/ul>\n<p>La carte Air France KLM Visa Signature<sup>&reg;<\/sup> comprend des occasions int\u00e9ressantes d\u2019obtenir un statut\u00a0:<\/p>\n<ul>\n<li><strong>100\u00a0XP en prime = statut Flying Blue Silver instantan\u00e9<\/strong><\/li>\n<li><strong>20\u00a0XP par ann\u00e9e<\/strong><\/li>\n<li><strong>80\u00a0XP suppl\u00e9mentaires<\/strong> apr\u00e8s avoir d\u00e9pens\u00e9 15\u00a0000\u00a0$ par ann\u00e9e (pour un total de 100\u00a0XP)<\/li>\n<li><strong>60\u00a0XP suppl\u00e9mentaires<\/strong> apr\u00e8s avoir d\u00e9pens\u00e9 25\u00a0000\u00a0$ par ann\u00e9e (pour un total de 160\u00a0XP)<\/li>\n<li><strong>Pas de frais de transaction \u00e0 l&rsquo;\u00e9tranger<\/strong><\/li>\n<\/ul>\n<p>Les avantages du statut Flying Blue Silver comprennent\u00a0:<\/p>\n<ul>\n<li><strong>6\u00a0miles par dollar d\u00e9pens\u00e9<\/strong> sur les vols<\/li>\n<li><strong>Enregistrement, d\u00e9p\u00f4t des bagages et embarquement prioritaires<\/strong><\/li>\n<li><strong>Options de s\u00e9lection de si\u00e8ge gratuites<\/strong> 24\u00a0heures avant le d\u00e9part<\/li>\n<li><strong>S\u00e9lection gratuite de si\u00e8ges standard<\/strong><\/li>\n<li><strong>Un article de bagage enregistr\u00e9 suppl\u00e9mentaire gratuit<\/strong> sur les vols SkyTeam<\/li>\n<\/ul>\n<p>Parfaite pour les voyageurs qui prennent fr\u00e9quemment l\u2019avion avec les compagnies a\u00e9riennes SkyTeam ou qui souhaitent b\u00e9n\u00e9ficier d\u2019avantages li\u00e9s \u00e0 un statut sup\u00e9rieur, cette carte offre une excellente valeur gr\u00e2ce \u00e0 ses frais annuels modestes et \u00e0 sa surclassement de statut imm\u00e9diat.<\/p>\n<p><strong>Faites votre demande maintenant<\/strong> pour profiter de cette offre \u00e0 dur\u00e9e limit\u00e9e et obtenir un statut Silver instantan\u00e9!<\/p>\n\t\t\t\t<div\n\t\t\t\tdata-template='m-h'\n\t\t\t\tdata-post_type='card'\n\t\t\t\tdata-per_page='4'\n\t\t\t\tclass='deferred_container--preload container_card container_template--m-h container_count--1'\n\n\t\t\t\t\t\t\t\t\tdata-tag=\"card_id\"\n\t\t\t\t\t\t\tdata-post_ids=\"9306\"\n\t\t\t\t\t\t\tdata-utm=\"wpb\"\n\t\t\t\t\t\t\t>\n\t\t<div class=\"card\">\n\t<div class=\"card--grid\">\n\n\t\t<div class=\"card--img-outer\">\n\t\t\t<div class=\"card--img\">\n\t\t\t\t<div class=\"shimmer shimmer-card\"><\/div>\n\t\t\t<\/div>\n\t\t<\/div>\n\n\t\t<div class=\"card--title-offer-selling\">\n\t\t\t<div class=\"card--title-offer\">\n\t\t\t\t<div class=\"shimmer shimmer-bar\"><\/div>\n\t\t\t\t<div class=\"shimmer shimmer-bar\"><\/div>\n\t\t\t<\/div>\n\t\t\t<div class=\"card--selling-points\">\n\t\t\t\t<div class=\"shimmer shimmer-bar shimmer-bar--short\"><\/div>\n\t\t\t\t<div class=\"shimmer shimmer-bar shimmer-bar--short\"><\/div>\n\t\t\t\t<div class=\"shimmer shimmer-bar shimmer-bar--short\"><\/div>\n\t\t\t<\/div>\n\t\t<\/div>\n\n\t\t<div class=\"card--apply\">\n\t\t\t<div class=\"apply-btn\">\n\t\t\t\t<div class=\"shimmer shimmer-btn\"><\/div>\n\t\t\t<\/div>\n\t\t<\/div>\n\n\t<\/div>\n<\/div>\t\t<\/div>\n\n\t\t<\/aside>\n<h2 class=\"wp-block-heading\" id=\"conclusion\">Conclusion<\/h2>\n\n<p><a class=\"thirstylink\" title=\"Air France\" href=\"https:\/\/milesopedia.us\/go\/air-france\/\" data-shortcode=\"true\" target=\"_blank\">Air France<\/a>&lsquo;s special festival flights to Nice represent a perfect convergence of luxury travel, cultural celebration, and premium service. The introduction of La Premi\u00e8re cabin on these routes provides travelers with an unprecedented level of comfort and privacy while connecting major US cities directly to the French Riviera during its most exciting cultural events.<\/p>\n\n<p>Pour les voyageurs qui pr\u00e9voient d&rsquo;assister au Festival de Cannes ou au Festival des Lions de Cannes, ces vols offrent non seulement le transport, mais aussi une partie int\u00e9grante de l&rsquo;exp\u00e9rience de luxe. Le calendrier s&rsquo;harmonise parfaitement avec les deux \u00e9v\u00e9nements, tandis que la nouvelle cabine La Premi\u00e8re garantit que le voyage correspond au glamour de la destination. <\/p>\n\n<p>La <a href=\"https:\/\/milesopedia.us\/fr\/?post_type=card&amp;p=9306\" type=\"card\" id=\"15\">carte Air France KLM Visa Signature<\/a> am\u00e9lior\u00e9e ajoute une autre couche de valeur, offrant des possibilit\u00e9s de gagner des miles sur les d\u00e9penses li\u00e9es au festival, d&rsquo;acc\u00e9l\u00e9rer l&rsquo;obtention du statut Elite et d&rsquo;acc\u00e9der potentiellement \u00e0 des primes de cabine premium. Gr\u00e2ce \u00e0 sa structure am\u00e9lior\u00e9e de gain d&rsquo;XP et \u00e0 sa cat\u00e9gorie de bonus de restauration, la carte compl\u00e8te l&rsquo;exp\u00e9rience de voyage de luxe que repr\u00e9sentent ces vols sp\u00e9ciaux.<\/p>\n\n<p>As <a class=\"thirstylink\" title=\"Air France\" href=\"https:\/\/milesopedia.us\/go\/air-france\/\" data-shortcode=\"true\" target=\"_blank\">Air France<\/a> continues its 46-year partnership with Cannes and expands its La Premi\u00e8re network throughout 2026, these special flights mark an important milestone in luxury aviation and cultural tourism, offering US travelers an unparalleled gateway to the French Riviera&rsquo;s most prestigious events.<\/p>\n<aside class=\"component component__deferred_contents wp-block-milesgutenberg-deferred-contents\">\n\t\t\t\t<div\n\t\t\t\tdata-template='m-h'\n\t\t\t\tdata-post_type='card'\n\t\t\t\tdata-per_page='4'\n\t\t\t\tclass='deferred_container--preload container_card container_template--m-h container_count--1'\n\n\t\t\t\t\t\t\t\t\tdata-tag=\"card_id\"\n\t\t\t\t\t\t\tdata-post_ids=\"9306\"\n\t\t\t\t\t\t\tdata-utm=\"wpb\"\n\t\t\t\t\t\t\t>\n\t\t<div class=\"card\">\n\t<div class=\"card--grid\">\n\n\t\t<div class=\"card--img-outer\">\n\t\t\t<div class=\"card--img\">\n\t\t\t\t<div class=\"shimmer shimmer-card\"><\/div>\n\t\t\t<\/div>\n\t\t<\/div>\n\n\t\t<div class=\"card--title-offer-selling\">\n\t\t\t<div class=\"card--title-offer\">\n\t\t\t\t<div class=\"shimmer shimmer-bar\"><\/div>\n\t\t\t\t<div class=\"shimmer shimmer-bar\"><\/div>\n\t\t\t<\/div>\n\t\t\t<div class=\"card--selling-points\">\n\t\t\t\t<div class=\"shimmer shimmer-bar shimmer-bar--short\"><\/div>\n\t\t\t\t<div class=\"shimmer shimmer-bar shimmer-bar--short\"><\/div>\n\t\t\t\t<div class=\"shimmer shimmer-bar shimmer-bar--short\"><\/div>\n\t\t\t<\/div>\n\t\t<\/div>\n\n\t\t<div class=\"card--apply\">\n\t\t\t<div class=\"apply-btn\">\n\t\t\t\t<div class=\"shimmer shimmer-btn\"><\/div>\n\t\t\t<\/div>\n\t\t<\/div>\n\n\t<\/div>\n<\/div>\t\t<\/div>\n\n\t\t<\/aside>\n<h2 class=\"wp-block-heading\" id=\"vols_air_france_pour_le_festival_de_cannes_foire_aux_questions\">Vols Air France pour le Festival de Cannes&nbsp;: Foire aux questions<\/h2>\n<aside class=\"component component__faq wp-block-milesgutenberg-faq\">\n\t\n<div class=\"component component__faq__item component__faq__item--opened wp-block-milesgutenberg-faq-item\">\n\t<div class=\"component__faq__item__title\">\n\t\t<h4 id=\"quand_les_vols_air_france_pour_le_festival_de_cannes_sont-ils_assur_s_nbsp_\" class=\"toc_exclude component__faq__item__title__heading\">\n\t\t\tQuand les vols Air France pour le Festival de Cannes sont-ils assur\u00e9s&nbsp;?\t\t<\/h4>\n\t\t<i class=\"fas fa-chevron-down\"><\/i>\n\t<\/div>\n\t<div class=\"component__faq__item__content\">\n\t\t<div class=\"component__faq__item__content__inner\">\n\t\t\t\n\n<p>Les vols de Los Angeles \u00e0 Nice sont assur\u00e9s les 11 et 25\u00a0mai\u00a02026 pour le Festival de Cannes (12-23\u00a0mai). Les vols de New York \u00e0 Nice sont assur\u00e9s les 20-21 et 25-26\u00a0juin\u00a02026 pour le Festival des Lions de Cannes (22-26\u00a0juin). Tous les vols sont \u00e9quip\u00e9s de la nouvelle cabine La Premi\u00e8re.  <\/p>\n\n\t\t<\/div>\n\t<\/div>\n<\/div>\n\n\n<div class=\"component component__faq__item component__faq__item--opened wp-block-milesgutenberg-faq-item\">\n\t<div class=\"component__faq__item__title\">\n\t\t<h4 id=\"quest-ce_qui_rend_la_nouvelle_cabine_la_premi_re_sp_ciale_nbsp_\" class=\"toc_exclude component__faq__item__title__heading\">\n\t\t\tQu&rsquo;est-ce qui rend la nouvelle cabine La Premi\u00e8re sp\u00e9ciale&nbsp;?\t\t<\/h4>\n\t\t<i class=\"fas fa-chevron-down\"><\/i>\n\t<\/div>\n\t<div class=\"component__faq__item__content\">\n\t\t<div class=\"component__faq__item__content__inner\">\n\t\t\t\n\n<p>La Premi\u00e8re propose des suites enti\u00e8rement priv\u00e9es avec cinq fen\u00eatres, des rideaux du sol au plafond, des si\u00e8ges modulaires qui se transforment en un lit de 2\u00a0m\u00e8tres, deux \u00e9crans\u00a04K de 32\u00a0pouces, une recharge sans fil et une intimit\u00e9 totale. Elle repr\u00e9sente la cabine la plus exclusive jamais con\u00e7ue par Air France. <\/p>\n\n\t\t<\/div>\n\t<\/div>\n<\/div>\n\n\n<div class=\"component component__faq__item component__faq__item--opened wp-block-milesgutenberg-faq-item\">\n\t<div class=\"component__faq__item__title\">\n\t\t<h4 id=\"comment_la_carte_de_cr_dit_air_france_klm_peut-elle_vous_aider_lors_de_vos_voyages_pour_les_festivals_nbsp_\" class=\"toc_exclude component__faq__item__title__heading\">\n\t\t\tComment la carte de cr\u00e9dit Air France KLM peut-elle vous aider lors de vos voyages pour les festivals&nbsp;?\t\t<\/h4>\n\t\t<i class=\"fas fa-chevron-down\"><\/i>\n\t<\/div>\n\t<div class=\"component__faq__item__content\">\n\t\t<div class=\"component__faq__item__content__inner\">\n\t\t\t\n\n<p>La carte Air France KLM Visa Signature am\u00e9lior\u00e9e offre une prime de bienvenue de 70\u00a0000\u00a0miles + 100\u00a0XP, 3x\u00a0miles sur les vols et les repas, jusqu&rsquo;\u00e0 160\u00a0XP par an pour le statut et aucun frais de transaction \u00e0 l&rsquo;\u00e9tranger, ce qui est parfait pour les voyages de luxe pour les festivals et les repas \u00e0 Cannes.<\/p>\n\n\t\t<\/div>\n\t<\/div>\n<\/div>\n\n\n<div class=\"component component__faq__item component__faq__item--opened wp-block-milesgutenberg-faq-item\">\n\t<div class=\"component__faq__item__title\">\n\t\t<h4 id=\"ces_vols_sont-ils_offerts_toute_lann_e_nbsp_\" class=\"toc_exclude component__faq__item__title__heading\">\n\t\t\tCes vols sont-ils offerts toute l&rsquo;ann\u00e9e&nbsp;?\t\t<\/h4>\n\t\t<i class=\"fas fa-chevron-down\"><\/i>\n\t<\/div>\n\t<div class=\"component__faq__item__content\">\n\t\t<div class=\"component__faq__item__content__inner\">\n\t\t\t\n\n<p>Non, il s&rsquo;agit de vols saisonniers sp\u00e9ciaux qui ne sont assur\u00e9s que pendant les p\u00e9riodes de festival. Cependant, Air France pr\u00e9voit d&rsquo;\u00e9tendre le service La Premi\u00e8re \u00e0 tous les vols de New York-JFK et de Los Angeles d&rsquo;ici juillet\u00a02026, l&rsquo;ensemble du r\u00e9seau La Premi\u00e8re \u00e9tant \u00e9quip\u00e9 d&rsquo;ici la fin de\u00a02026. <\/p>\n\n\t\t<\/div>\n\t<\/div>\n<\/div>\n\n\n<div class=\"component component__faq__item component__faq__item--opened wp-block-milesgutenberg-faq-item\">\n\t<div class=\"component__faq__item__title\">\n\t\t<h4 id=\"quel_appareil_assure_ces_vols_pour_les_festivals_nbsp_\" class=\"toc_exclude component__faq__item__title__heading\">\n\t\t\tQuel appareil assure ces vols pour les festivals&nbsp;?\t\t<\/h4>\n\t\t<i class=\"fas fa-chevron-down\"><\/i>\n\t<\/div>\n\t<div class=\"component__faq__item__content\">\n\t\t<div class=\"component__faq__item__content__inner\">\n\t\t\t\n\n<p>Tous les vols sp\u00e9ciaux vers Cannes sont assur\u00e9s par des Boeing\u00a0777-300ER \u00e9quip\u00e9s de la nouvelle cabine La Premi\u00e8re, ainsi que de la gamme compl\u00e8te d&rsquo;options de cabine haut de gamme d&rsquo;Air France, notamment la classe affaires et la classe \u00e9conomique sup\u00e9rieure.<\/p>\n\n\t\t<\/div>\n\t<\/div>\n<\/div>\n\n\n<div class=\"component component__faq__item component__faq__item--opened wp-block-milesgutenberg-faq-item\">\n\t<div class=\"component__faq__item__title\">\n\t\t<h4 id=\"depuis_combien_de_temps_air_france_est-elle_partenaire_du_festival_de_cannes_nbsp_\" class=\"toc_exclude component__faq__item__title__heading\">\n\t\t\tDepuis combien de temps Air France est-elle partenaire du Festival de Cannes&nbsp;?\t\t<\/h4>\n\t\t<i class=\"fas fa-chevron-down\"><\/i>\n\t<\/div>\n\t<div class=\"component__faq__item__content\">\n\t\t<div class=\"component__faq__item__content__inner\">\n\t\t\t\n\n<p>Air France est partenaire du Festival de Cannes depuis 46\u00a0ans, ce qui en fait l&rsquo;un des partenariats a\u00e9riens les plus longs du secteur du divertissement. Le lien de la compagnie a\u00e9rienne avec le cin\u00e9ma remonte \u00e0 1951, lorsque le premier film a \u00e9t\u00e9 projet\u00e9 \u00e0 bord d&rsquo;un vol Air France. <\/p>\n\n\t\t<\/div>\n\t<\/div>\n<\/div>\n\n\n<div class=\"component component__faq__item component__faq__item--opened wp-block-milesgutenberg-faq-item\">\n\t<div class=\"component__faq__item__title\">\n\t\t<h4 id=\"puis-je_utiliser_des_miles_flying_blue_pour_r_server_ces_vols_nbsp_\" class=\"toc_exclude component__faq__item__title__heading\">\n\t\t\tPuis-je utiliser des miles Flying Blue pour r\u00e9server ces vols&nbsp;?\t\t<\/h4>\n\t\t<i class=\"fas fa-chevron-down\"><\/i>\n\t<\/div>\n\t<div class=\"component__faq__item__content\">\n\t\t<div class=\"component__faq__item__content__inner\">\n\t\t\t\n\n<p>Oui, ces vols devraient \u00eatre r\u00e9servables avec des miles Flying Blue, bien que la disponibilit\u00e9 puisse \u00eatre limit\u00e9e en raison de la nature sp\u00e9ciale et de la forte demande pendant les p\u00e9riodes de festival. Les primes La Premi\u00e8re n\u00e9cessitent g\u00e9n\u00e9ralement un nombre important de miles, mais offrent une valeur exceptionnelle pour un service aussi exclusif. <\/p>\n\n\t\t<\/div>\n\t<\/div>\n<\/div>\n\n\n<div class=\"component component__faq__item component__faq__item--opened wp-block-milesgutenberg-faq-item\">\n\t<div class=\"component__faq__item__title\">\n\t\t<h4 id=\"quelles_autres_destinations_b_n_ficieront_du_service_la_premi_re_en_nbsp_2026_nbsp_\" class=\"toc_exclude component__faq__item__title__heading\">\n\t\t\tQuelles autres destinations b\u00e9n\u00e9ficieront du service La Premi\u00e8re en&nbsp;2026&nbsp;?\t\t<\/h4>\n\t\t<i class=\"fas fa-chevron-down\"><\/i>\n\t<\/div>\n\t<div class=\"component__faq__item__content\">\n\t\t<div class=\"component__faq__item__content__inner\">\n\t\t\t\n\n<p>\u00c0 partir de l&rsquo;\u00e9t\u00e9\u00a02026, La Premi\u00e8re sera disponible au d\u00e9part de Paris-CDG vers Abidjan, Atlanta, Boston, Duba\u00ef, Houston, Los Angeles, Miami, New York-JFK, San Francisco, S\u00e3o Paulo, Singapour, Tel Aviv, Tokyo-Haneda et Washington D.C.<\/p>\n\n\t\t<\/div>\n\t<\/div>\n<\/div>\n\n\n<div class=\"component component__faq__item component__faq__item--opened wp-block-milesgutenberg-faq-item\">\n\t<div class=\"component__faq__item__title\">\n\t\t<h4 id=\"ai-je_besoin_dun_statut_sp_cial_pour_acc_der_la_premi_re_nbsp_\" class=\"toc_exclude component__faq__item__title__heading\">\n\t\t\tAi-je besoin d&rsquo;un statut sp\u00e9cial pour acc\u00e9der \u00e0 La Premi\u00e8re&nbsp;?\t\t<\/h4>\n\t\t<i class=\"fas fa-chevron-down\"><\/i>\n\t<\/div>\n\t<div class=\"component__faq__item__content\">\n\t\t<div class=\"component__faq__item__content__inner\">\n\t\t\t\n\n<p>La Premi\u00e8re est accessible \u00e0 tout passager pr\u00eat \u00e0 payer le tarif ou \u00e0 utiliser des miles pour la prime. Cependant, le statut \u00c9lite Flying Blue offre des avantages tels que l&rsquo;enregistrement prioritaire, l&rsquo;acc\u00e8s au salon et une meilleure disponibilit\u00e9 des primes. La carte de cr\u00e9dit Air France KLM peut vous aider \u00e0 obtenir ce statut.  <\/p>\n\n\t\t<\/div>\n\t<\/div>\n<\/div>\n\n\n<div class=\"component component__faq__item component__faq__item--opened wp-block-milesgutenberg-faq-item\">\n\t<div class=\"component__faq__item__title\">\n\t\t<h4 id=\"quest-ce_qui_est_inclus_dans_le_divertissement_en_vol_dair_france_pour_les_cin_philes_nbsp_\" class=\"toc_exclude component__faq__item__title__heading\">\n\t\t\tQu&rsquo;est-ce qui est inclus dans le divertissement en vol d&rsquo;Air France pour les cin\u00e9philes&nbsp;?\t\t<\/h4>\n\t\t<i class=\"fas fa-chevron-down\"><\/i>\n\t<\/div>\n\t<div class=\"component__faq__item__content\">\n\t\t<div class=\"component__faq__item__content__inner\">\n\t\t\t\n\n<p>Air France propose 1\u00a0500\u00a0heures de divertissement, dont un vaste cin\u00e9ma fran\u00e7ais, des laur\u00e9ats du Festival de Cannes et des partenariats avec Canal+ et Apple\u00a0TV. Les films sont disponibles en version originale avec un contenu adapt\u00e9 aux pr\u00e9f\u00e9rences des passagers internationaux. <\/p>\n\n\t\t<\/div>\n\t<\/div>\n<\/div>\n\n<\/aside>\n\n<p><\/p>","protected":false},"excerpt":{"rendered":"<p>Air France lance des vols directs LAX-Nice et JFK-Nice pour les festivals de Cannes 2026. Comprend une nouvelle cabine La Premi\u00e8re avec des suites priv\u00e9es, des \u00e9crans 4K, des lits de 2 m\u00e8tres. Dates des festivals.  <\/p>","protected":false},"author":2,"featured_media":9427,"comment_status":"open","ping_status":"open","sticky":false,"template":"","format":"standard","meta":{"_acf_changed":false,"_relevanssi_hide_post":"","_relevanssi_hide_content":"","_relevanssi_pin_for_all":"","_relevanssi_pin_keywords":"","_relevanssi_unpin_keywords":"","_relevanssi_related_keywords":"","_relevanssi_related_include_ids":"","_relevanssi_related_exclude_ids":"","_relevanssi_related_no_append":"","_relevanssi_related_not_related":"","_relevanssi_related_posts":"","_relevanssi_noindex_reason":"","footnotes":""},"categories":[48],"tags":[],"mc_loyalty_program":[361],"class_list":["post-9422","post","type-post","status-publish","format-standard","has-post-thumbnail","hentry","category-actus","mc_loyalty_program-flying-blue-fr"],"acf":[],"yoast_head":"<!-- This site is optimized with the Yoast SEO plugin v27.4 - https:\/\/yoast.com\/product\/yoast-seo-wordpress\/ -->\n<title>Air France lance des vols directs Los Angeles et New York vers Nice pour les festivals de Cannes 2026 | Milesopedia USA<\/title>\n<meta name=\"description\" content=\"Air France lance des vols directs LAX-Nice et JFK-Nice pour les festivals de Cannes 2026. Comprend une nouvelle cabine La Premi\u00e8re avec des suites priv\u00e9es, des \u00e9crans 4K, des lits de 2 m\u00e8tres. Dates des festivals.\" \/>\n<meta name=\"robots\" content=\"index, follow, max-snippet:-1, max-image-preview:large, max-video-preview:-1\" \/>\n<link rel=\"canonical\" href=\"https:\/\/milesopedia.us\/fr\/actus\/air-france-cannes-film-lions-festival-flights\/\" \/>\n<meta property=\"og:locale\" content=\"fr_FR\" \/>\n<meta property=\"og:type\" content=\"article\" \/>\n<meta property=\"og:title\" content=\"Air France lance des vols directs Los Angeles et New York vers Nice pour les festivals de Cannes 2026 | Milesopedia USA\" \/>\n<meta property=\"og:description\" content=\"Air France lance des vols directs LAX-Nice et JFK-Nice pour les festivals de Cannes 2026. Comprend une nouvelle cabine La Premi\u00e8re avec des suites priv\u00e9es, des \u00e9crans 4K, des lits de 2 m\u00e8tres. Dates des festivals.\" \/>\n<meta property=\"og:url\" content=\"https:\/\/milesopedia.us\/fr\/actus\/air-france-cannes-film-lions-festival-flights\/\" \/>\n<meta property=\"og:site_name\" content=\"Milesopedia USA\" \/>\n<meta property=\"article:publisher\" content=\"https:\/\/www.facebook.com\/milesopedia.usa\" \/>\n<meta property=\"article:published_time\" content=\"2026-01-26T13:44:31+00:00\" \/>\n<meta property=\"article:modified_time\" content=\"2026-01-26T13:49:36+00:00\" \/>\n<meta property=\"og:image\" content=\"https:\/\/milesopedia.us\/wp-content\/uploads\/2026\/01\/Air-France-La-Premiere.jpg\" \/>\n\t<meta property=\"og:image:width\" content=\"1024\" \/>\n\t<meta property=\"og:image:height\" content=\"768\" \/>\n\t<meta property=\"og:image:type\" content=\"image\/jpeg\" \/>\n<meta name=\"author\" content=\"Jean-Maximilien Voisine\" \/>\n<meta name=\"twitter:card\" content=\"summary_large_image\" \/>\n<meta name=\"twitter:label1\" content=\"\u00c9crit par\" \/>\n\t<meta name=\"twitter:data1\" content=\"Jean-Maximilien Voisine\" \/>\n\t<meta name=\"twitter:label2\" content=\"Dur\u00e9e de lecture estim\u00e9e\" \/>\n\t<meta name=\"twitter:data2\" content=\"10 minutes\" \/>\n<script type=\"application\/ld+json\" class=\"yoast-schema-graph\">{\"@context\":\"https:\\\/\\\/schema.org\",\"@graph\":[{\"@type\":\"Article\",\"@id\":\"https:\\\/\\\/milesopedia.us\\\/fr\\\/actus\\\/air-france-cannes-film-lions-festival-flights\\\/#article\",\"isPartOf\":{\"@id\":\"https:\\\/\\\/milesopedia.us\\\/fr\\\/actus\\\/air-france-cannes-film-lions-festival-flights\\\/\"},\"author\":{\"name\":\"Jean-Maximilien Voisine\",\"@id\":\"https:\\\/\\\/milesopedia.us\\\/fr\\\/#\\\/schema\\\/person\\\/1e2439bbc22e8396dc6559ffcc3fbf2f\"},\"headline\":\"Air France lance des vols directs Los Angeles et New York vers Nice pour les festivals de Cannes 2026\",\"datePublished\":\"2026-01-26T13:44:31+00:00\",\"dateModified\":\"2026-01-26T13:49:36+00:00\",\"mainEntityOfPage\":{\"@id\":\"https:\\\/\\\/milesopedia.us\\\/fr\\\/actus\\\/air-france-cannes-film-lions-festival-flights\\\/\"},\"wordCount\":2126,\"commentCount\":0,\"publisher\":{\"@id\":\"https:\\\/\\\/milesopedia.us\\\/fr\\\/#organization\"},\"image\":{\"@id\":\"https:\\\/\\\/milesopedia.us\\\/fr\\\/actus\\\/air-france-cannes-film-lions-festival-flights\\\/#primaryimage\"},\"thumbnailUrl\":\"https:\\\/\\\/milesopedia.us\\\/wp-content\\\/uploads\\\/2026\\\/01\\\/Air-France-La-Premiere.jpg\",\"articleSection\":[\"Actualites\"],\"inLanguage\":\"fr-FR\",\"potentialAction\":[{\"@type\":\"CommentAction\",\"name\":\"Comment\",\"target\":[\"https:\\\/\\\/milesopedia.us\\\/fr\\\/actus\\\/air-france-cannes-film-lions-festival-flights\\\/#respond\"]}]},{\"@type\":\"WebPage\",\"@id\":\"https:\\\/\\\/milesopedia.us\\\/fr\\\/actus\\\/air-france-cannes-film-lions-festival-flights\\\/\",\"url\":\"https:\\\/\\\/milesopedia.us\\\/fr\\\/actus\\\/air-france-cannes-film-lions-festival-flights\\\/\",\"name\":\"Air France lance des vols directs Los Angeles et New York vers Nice pour les festivals de Cannes 2026 | Milesopedia USA\",\"isPartOf\":{\"@id\":\"https:\\\/\\\/milesopedia.us\\\/fr\\\/#website\"},\"primaryImageOfPage\":{\"@id\":\"https:\\\/\\\/milesopedia.us\\\/fr\\\/actus\\\/air-france-cannes-film-lions-festival-flights\\\/#primaryimage\"},\"image\":{\"@id\":\"https:\\\/\\\/milesopedia.us\\\/fr\\\/actus\\\/air-france-cannes-film-lions-festival-flights\\\/#primaryimage\"},\"thumbnailUrl\":\"https:\\\/\\\/milesopedia.us\\\/wp-content\\\/uploads\\\/2026\\\/01\\\/Air-France-La-Premiere.jpg\",\"datePublished\":\"2026-01-26T13:44:31+00:00\",\"dateModified\":\"2026-01-26T13:49:36+00:00\",\"description\":\"Air France lance des vols directs LAX-Nice et JFK-Nice pour les festivals de Cannes 2026. Comprend une nouvelle cabine La Premi\u00e8re avec des suites priv\u00e9es, des \u00e9crans 4K, des lits de 2 m\u00e8tres. Dates des festivals.\",\"inLanguage\":\"fr-FR\",\"potentialAction\":[{\"@type\":\"ReadAction\",\"target\":[\"https:\\\/\\\/milesopedia.us\\\/fr\\\/actus\\\/air-france-cannes-film-lions-festival-flights\\\/\"]}]},{\"@type\":\"ImageObject\",\"inLanguage\":\"fr-FR\",\"@id\":\"https:\\\/\\\/milesopedia.us\\\/fr\\\/actus\\\/air-france-cannes-film-lions-festival-flights\\\/#primaryimage\",\"url\":\"https:\\\/\\\/milesopedia.us\\\/wp-content\\\/uploads\\\/2026\\\/01\\\/Air-France-La-Premiere.jpg\",\"contentUrl\":\"https:\\\/\\\/milesopedia.us\\\/wp-content\\\/uploads\\\/2026\\\/01\\\/Air-France-La-Premiere.jpg\",\"width\":1024,\"height\":768},{\"@type\":\"WebSite\",\"@id\":\"https:\\\/\\\/milesopedia.us\\\/fr\\\/#website\",\"url\":\"https:\\\/\\\/milesopedia.us\\\/fr\\\/\",\"name\":\"Milesopedia USA\",\"description\":\"Loyalty Programs &amp; Credit Cards\",\"publisher\":{\"@id\":\"https:\\\/\\\/milesopedia.us\\\/fr\\\/#organization\"},\"potentialAction\":[{\"@type\":\"SearchAction\",\"target\":{\"@type\":\"EntryPoint\",\"urlTemplate\":\"https:\\\/\\\/milesopedia.us\\\/fr\\\/?s={search_term_string}\"},\"query-input\":{\"@type\":\"PropertyValueSpecification\",\"valueRequired\":true,\"valueName\":\"search_term_string\"}}],\"inLanguage\":\"fr-FR\"},{\"@type\":\"Organization\",\"@id\":\"https:\\\/\\\/milesopedia.us\\\/fr\\\/#organization\",\"name\":\"Milesopedia \u00c9tats-Unis\",\"url\":\"https:\\\/\\\/milesopedia.us\\\/fr\\\/\",\"logo\":{\"@type\":\"ImageObject\",\"inLanguage\":\"fr-FR\",\"@id\":\"https:\\\/\\\/milesopedia.us\\\/fr\\\/#\\\/schema\\\/logo\\\/image\\\/\",\"url\":\"https:\\\/\\\/milesopedia.us\\\/wp-content\\\/uploads\\\/2025\\\/01\\\/Milesopedia-USA.png\",\"contentUrl\":\"https:\\\/\\\/milesopedia.us\\\/wp-content\\\/uploads\\\/2025\\\/01\\\/Milesopedia-USA.png\",\"width\":1024,\"height\":234,\"caption\":\"Milesopedia \u00c9tats-Unis\"},\"image\":{\"@id\":\"https:\\\/\\\/milesopedia.us\\\/fr\\\/#\\\/schema\\\/logo\\\/image\\\/\"},\"sameAs\":[\"https:\\\/\\\/www.facebook.com\\\/milesopedia.usa\",\"https:\\\/\\\/www.instagram.com\\\/milesopedia.usa\"]},{\"@type\":\"Person\",\"@id\":\"https:\\\/\\\/milesopedia.us\\\/fr\\\/#\\\/schema\\\/person\\\/1e2439bbc22e8396dc6559ffcc3fbf2f\",\"name\":\"Jean-Maximilien Voisine\",\"image\":{\"@type\":\"ImageObject\",\"inLanguage\":\"fr-FR\",\"@id\":\"https:\\\/\\\/secure.gravatar.com\\\/avatar\\\/47e154167614df581f4f4ac92b021f0886e067b69abb6cd8df87e4949f84bcc7?s=96&d=mm&r=g\",\"url\":\"https:\\\/\\\/secure.gravatar.com\\\/avatar\\\/47e154167614df581f4f4ac92b021f0886e067b69abb6cd8df87e4949f84bcc7?s=96&d=mm&r=g\",\"contentUrl\":\"https:\\\/\\\/secure.gravatar.com\\\/avatar\\\/47e154167614df581f4f4ac92b021f0886e067b69abb6cd8df87e4949f84bcc7?s=96&d=mm&r=g\",\"caption\":\"Jean-Maximilien Voisine\"},\"description\":\"Jean-Maximilien Voisine is the President and Founder of Milesopedia and a leading expert in rewards programs, credit cards, and travel across Canada, France, and the U.S.A. Now 40 years old and a father of two, he has explored more than 100 countries\u2014many of them alongside his wife Audrey and their children. Specializing in loyalty programs such as Aeroplan, American Express Membership Rewards, and Marriott Bonvoy, Jean-Maximilien helps travellers unlock the full potential of their points and benefits. His mission: empower others to travel better and smarter across North America and Europe.\",\"url\":\"https:\\\/\\\/milesopedia.us\\\/fr\\\/author\\\/jmvmilesopedia-com\\\/\"}]}<\/script>\n<!-- \/ Yoast SEO plugin. -->","yoast_head_json":{"title":"Air France lance des vols directs Los Angeles et New York vers Nice pour les festivals de Cannes 2026 | Milesopedia USA","description":"Air France lance des vols directs LAX-Nice et JFK-Nice pour les festivals de Cannes 2026. Comprend une nouvelle cabine La Premi\u00e8re avec des suites priv\u00e9es, des \u00e9crans 4K, des lits de 2 m\u00e8tres. Dates des festivals.","robots":{"index":"index","follow":"follow","max-snippet":"max-snippet:-1","max-image-preview":"max-image-preview:large","max-video-preview":"max-video-preview:-1"},"canonical":"https:\/\/milesopedia.us\/fr\/actus\/air-france-cannes-film-lions-festival-flights\/","og_locale":"fr_FR","og_type":"article","og_title":"Air France lance des vols directs Los Angeles et New York vers Nice pour les festivals de Cannes 2026 | Milesopedia USA","og_description":"Air France lance des vols directs LAX-Nice et JFK-Nice pour les festivals de Cannes 2026. Comprend une nouvelle cabine La Premi\u00e8re avec des suites priv\u00e9es, des \u00e9crans 4K, des lits de 2 m\u00e8tres. Dates des festivals.","og_url":"https:\/\/milesopedia.us\/fr\/actus\/air-france-cannes-film-lions-festival-flights\/","og_site_name":"Milesopedia USA","article_publisher":"https:\/\/www.facebook.com\/milesopedia.usa","article_published_time":"2026-01-26T13:44:31+00:00","article_modified_time":"2026-01-26T13:49:36+00:00","og_image":[{"width":1024,"height":768,"url":"https:\/\/milesopedia.us\/wp-content\/uploads\/2026\/01\/Air-France-La-Premiere.jpg","type":"image\/jpeg"}],"author":"Jean-Maximilien Voisine","twitter_card":"summary_large_image","twitter_misc":{"\u00c9crit par":"Jean-Maximilien Voisine","Dur\u00e9e de lecture estim\u00e9e":"10 minutes"},"schema":{"@context":"https:\/\/schema.org","@graph":[{"@type":"Article","@id":"https:\/\/milesopedia.us\/fr\/actus\/air-france-cannes-film-lions-festival-flights\/#article","isPartOf":{"@id":"https:\/\/milesopedia.us\/fr\/actus\/air-france-cannes-film-lions-festival-flights\/"},"author":{"name":"Jean-Maximilien Voisine","@id":"https:\/\/milesopedia.us\/fr\/#\/schema\/person\/1e2439bbc22e8396dc6559ffcc3fbf2f"},"headline":"Air France lance des vols directs Los Angeles et New York vers Nice pour les festivals de Cannes 2026","datePublished":"2026-01-26T13:44:31+00:00","dateModified":"2026-01-26T13:49:36+00:00","mainEntityOfPage":{"@id":"https:\/\/milesopedia.us\/fr\/actus\/air-france-cannes-film-lions-festival-flights\/"},"wordCount":2126,"commentCount":0,"publisher":{"@id":"https:\/\/milesopedia.us\/fr\/#organization"},"image":{"@id":"https:\/\/milesopedia.us\/fr\/actus\/air-france-cannes-film-lions-festival-flights\/#primaryimage"},"thumbnailUrl":"https:\/\/milesopedia.us\/wp-content\/uploads\/2026\/01\/Air-France-La-Premiere.jpg","articleSection":["Actualites"],"inLanguage":"fr-FR","potentialAction":[{"@type":"CommentAction","name":"Comment","target":["https:\/\/milesopedia.us\/fr\/actus\/air-france-cannes-film-lions-festival-flights\/#respond"]}]},{"@type":"WebPage","@id":"https:\/\/milesopedia.us\/fr\/actus\/air-france-cannes-film-lions-festival-flights\/","url":"https:\/\/milesopedia.us\/fr\/actus\/air-france-cannes-film-lions-festival-flights\/","name":"Air France lance des vols directs Los Angeles et New York vers Nice pour les festivals de Cannes 2026 | Milesopedia USA","isPartOf":{"@id":"https:\/\/milesopedia.us\/fr\/#website"},"primaryImageOfPage":{"@id":"https:\/\/milesopedia.us\/fr\/actus\/air-france-cannes-film-lions-festival-flights\/#primaryimage"},"image":{"@id":"https:\/\/milesopedia.us\/fr\/actus\/air-france-cannes-film-lions-festival-flights\/#primaryimage"},"thumbnailUrl":"https:\/\/milesopedia.us\/wp-content\/uploads\/2026\/01\/Air-France-La-Premiere.jpg","datePublished":"2026-01-26T13:44:31+00:00","dateModified":"2026-01-26T13:49:36+00:00","description":"Air France lance des vols directs LAX-Nice et JFK-Nice pour les festivals de Cannes 2026. Comprend une nouvelle cabine La Premi\u00e8re avec des suites priv\u00e9es, des \u00e9crans 4K, des lits de 2 m\u00e8tres. Dates des festivals.","inLanguage":"fr-FR","potentialAction":[{"@type":"ReadAction","target":["https:\/\/milesopedia.us\/fr\/actus\/air-france-cannes-film-lions-festival-flights\/"]}]},{"@type":"ImageObject","inLanguage":"fr-FR","@id":"https:\/\/milesopedia.us\/fr\/actus\/air-france-cannes-film-lions-festival-flights\/#primaryimage","url":"https:\/\/milesopedia.us\/wp-content\/uploads\/2026\/01\/Air-France-La-Premiere.jpg","contentUrl":"https:\/\/milesopedia.us\/wp-content\/uploads\/2026\/01\/Air-France-La-Premiere.jpg","width":1024,"height":768},{"@type":"WebSite","@id":"https:\/\/milesopedia.us\/fr\/#website","url":"https:\/\/milesopedia.us\/fr\/","name":"Milesopedia USA","description":"Loyalty Programs &amp; Credit Cards","publisher":{"@id":"https:\/\/milesopedia.us\/fr\/#organization"},"potentialAction":[{"@type":"SearchAction","target":{"@type":"EntryPoint","urlTemplate":"https:\/\/milesopedia.us\/fr\/?s={search_term_string}"},"query-input":{"@type":"PropertyValueSpecification","valueRequired":true,"valueName":"search_term_string"}}],"inLanguage":"fr-FR"},{"@type":"Organization","@id":"https:\/\/milesopedia.us\/fr\/#organization","name":"Milesopedia \u00c9tats-Unis","url":"https:\/\/milesopedia.us\/fr\/","logo":{"@type":"ImageObject","inLanguage":"fr-FR","@id":"https:\/\/milesopedia.us\/fr\/#\/schema\/logo\/image\/","url":"https:\/\/milesopedia.us\/wp-content\/uploads\/2025\/01\/Milesopedia-USA.png","contentUrl":"https:\/\/milesopedia.us\/wp-content\/uploads\/2025\/01\/Milesopedia-USA.png","width":1024,"height":234,"caption":"Milesopedia \u00c9tats-Unis"},"image":{"@id":"https:\/\/milesopedia.us\/fr\/#\/schema\/logo\/image\/"},"sameAs":["https:\/\/www.facebook.com\/milesopedia.usa","https:\/\/www.instagram.com\/milesopedia.usa"]},{"@type":"Person","@id":"https:\/\/milesopedia.us\/fr\/#\/schema\/person\/1e2439bbc22e8396dc6559ffcc3fbf2f","name":"Jean-Maximilien Voisine","image":{"@type":"ImageObject","inLanguage":"fr-FR","@id":"https:\/\/secure.gravatar.com\/avatar\/47e154167614df581f4f4ac92b021f0886e067b69abb6cd8df87e4949f84bcc7?s=96&d=mm&r=g","url":"https:\/\/secure.gravatar.com\/avatar\/47e154167614df581f4f4ac92b021f0886e067b69abb6cd8df87e4949f84bcc7?s=96&d=mm&r=g","contentUrl":"https:\/\/secure.gravatar.com\/avatar\/47e154167614df581f4f4ac92b021f0886e067b69abb6cd8df87e4949f84bcc7?s=96&d=mm&r=g","caption":"Jean-Maximilien Voisine"},"description":"Jean-Maximilien Voisine is the President and Founder of Milesopedia and a leading expert in rewards programs, credit cards, and travel across Canada, France, and the U.S.A. Now 40 years old and a father of two, he has explored more than 100 countries\u2014many of them alongside his wife Audrey and their children. Specializing in loyalty programs such as Aeroplan, American Express Membership Rewards, and Marriott Bonvoy, Jean-Maximilien helps travellers unlock the full potential of their points and benefits. His mission: empower others to travel better and smarter across North America and Europe.","url":"https:\/\/milesopedia.us\/fr\/author\/jmvmilesopedia-com\/"}]}},"_links":{"self":[{"href":"https:\/\/milesopedia.us\/fr\/wp-json\/wp\/v2\/posts\/9422","targetHints":{"allow":["GET"]}}],"collection":[{"href":"https:\/\/milesopedia.us\/fr\/wp-json\/wp\/v2\/posts"}],"about":[{"href":"https:\/\/milesopedia.us\/fr\/wp-json\/wp\/v2\/types\/post"}],"author":[{"embeddable":true,"href":"https:\/\/milesopedia.us\/fr\/wp-json\/wp\/v2\/users\/2"}],"replies":[{"embeddable":true,"href":"https:\/\/milesopedia.us\/fr\/wp-json\/wp\/v2\/comments?post=9422"}],"version-history":[{"count":5,"href":"https:\/\/milesopedia.us\/fr\/wp-json\/wp\/v2\/posts\/9422\/revisions"}],"predecessor-version":[{"id":9443,"href":"https:\/\/milesopedia.us\/fr\/wp-json\/wp\/v2\/posts\/9422\/revisions\/9443"}],"wp:featuredmedia":[{"embeddable":true,"href":"https:\/\/milesopedia.us\/fr\/wp-json\/wp\/v2\/media\/9427"}],"wp:attachment":[{"href":"https:\/\/milesopedia.us\/fr\/wp-json\/wp\/v2\/media?parent=9422"}],"wp:term":[{"taxonomy":"category","embeddable":true,"href":"https:\/\/milesopedia.us\/fr\/wp-json\/wp\/v2\/categories?post=9422"},{"taxonomy":"post_tag","embeddable":true,"href":"https:\/\/milesopedia.us\/fr\/wp-json\/wp\/v2\/tags?post=9422"},{"taxonomy":"mc_loyalty_program","embeddable":true,"href":"https:\/\/milesopedia.us\/fr\/wp-json\/wp\/v2\/mc_loyalty_program?post=9422"}],"curies":[{"name":"wp","href":"https:\/\/api.w.org\/{rel}","templated":true}]}}